{"id":182408,"date":"2008-10-24T10:02:00","date_gmt":"2008-10-24T12:02:00","guid":{"rendered":"http:\/\/progepe.ufpr.br\/portarias\/prhae-2008-07481\/"},"modified":"2023-08-03T11:14:18","modified_gmt":"2023-08-03T14:14:18","slug":"prhae-2008-07481","status":"publish","type":"post","link":"https:\/\/progepe.ufpr.br\/portarias\/prhae-2008-07481\/","title":{"rendered":"PORTARIA N\u00ba 07481\/PRHAE, DE 24 DE OUTUBRO DE 2008"},"content":{"rendered":"\n<p>O Pr\u00f3-Reitor de Recursos Humanos e Assuntos Estudantis da Universidade Federal do Paran\u00e1, no uso de suas atribui\u00e7\u00f5es, tendo em vista a compet\u00eancia que lhe \u00e9 conferida pela Portaria n\u00ba 2.590, de 26 de setembro de 1997, considerando o que consta no artigo 9\u00ba, inciso I da Lei n\u00ba 8.112\/90, autoriza\u00e7\u00e3o do Minist\u00e9rio da Educa\u00e7\u00e3o, Portaria n\u00ba 975 de 04\/05\/2006, publicada no DOU de 05\/05\/06, retificada pela Portaria do Minist\u00e9rio da Educa\u00e7\u00e3o n\u00ba 1.054 de 23\/05\/2006 publicada no DOU de 24\/05\/2006 e ainda o contido no processo n\u00ba 45940\/08-15,<\/p>\n\n\n<p><strong>RESOLVE:<\/strong><\/p>\n\n\n<p>Nomear em car\u00e1ter efetivo, VIVALDO CORDEIRO GON\u00c7ALVES, habilitado em concurso p\u00fablico realizado por esta Institui\u00e7\u00e3o, homologado em 03.01.2007, para o cargo de Bibliotec\u00e1rio Documentalista, n\u00edvel de Classifica\u00e7\u00e3o E, n\u00edvel de Capacita\u00e7\u00e3o I, padr\u00e3o de Vencimento 01, no regime de trabalho de 40 (quarenta) horas semanais, em lota\u00e7\u00e3o em Paranagu\u00e1 na vaga de c\u00f3digo n\u00ba 827552.<\/p><p><\/p>\n\n\n<div style=\"height:15px\" aria-hidden=\"true\" class=\"wp-block-spacer\"><\/div>\n\n\n<div class=\"wp-block-buttons is-content-justification-right is-layout-flex wp-container-core-buttons-is-layout-1 wp-block-buttons-is-layout-flex\">\n<div class=\"wp-block-button has-custom-font-size is-style-outline has-small-font-size is-style-outline--1\"><a class=\"wp-block-button__link\" href=\"https:\/\/progepe.ufpr.br\/portarias\/wp-content\/uploads\/pcp\/PRHAE\/2008\/7481PR.pdf\" style=\"border-radius:0px\" target=\"_blank\" rel=\"noreferrer noopener\">Acesse o arquivo da portaria<\/a><\/div><\/div>\n","protected":false},"excerpt":{"rendered":"<p>Nomear em car\u00e1ter efetivo, VIVALDO CORDEIRO GON\u00c7ALVES, habilitado em concurso p\u00fablico realizado por esta Institui\u00e7\u00e3o, homologado em 03.01.2007, para o cargo de Bibliotec\u00e1rio Documentalista, n\u00edvel de Classifica\u00e7\u00e3o E, n\u00edvel de Capacita\u00e7\u00e3o I, padr\u00e3o de Vencimento 01, no regime de trabalho de 40 (quarenta) horas semanais, em lota\u00e7\u00e3o em Paranagu\u00e1 na vaga de c\u00f3digo n\u00ba 827552.  {&#8220;height&#8221;:&#8221;15px&#8221;} <\/p>\n<div style=\"height:15px\" aria-hidden=\"true\" class=\"wp-block-spacer\"> <!-- \/wp:spacer  {\"layout\":{\"type\":\"flex\",\"justifyContent\":\"right\"}} \n\n<div class=\"wp-block-buttons\"><!-- wp:button {\"style\":{\"border\":{\"radius\":\"0px\"}},\"className\":\"is-style-outline\",\"fontSize\":\"small\"} \n\n<div class=\"wp-block-button has-custom-font-size is-style-outline has-small-font-size\"><a class=\"wp-block-button__link\" href=\"https:\/\/progepe.ufpr.br\/portarias\/wp-content\/uploads\/pcp\/PRHAE\/2008\/7481PR.pdf\" style=\"border-radius:0px\" target=\"_blank\" rel=\"noreferrer noopener\">Acesse o arquivo da portaria<\/a><!-- \/wp:button <!-- \/wp:butt\n<\/p>\n","protected":false},"author":41,"featured_media":0,"comment_status":"closed","ping_status":"closed","sticky":false,"template":"wp-custom-template-emissao-entre-01-05-2004-ate-30-06-2017","format":"standard","meta":{"_acf_changed":false,"iawp_total_views":0,"footnotes":""},"categories":[232],"tags":[121],"class_list":["post-182408","post","type-post","status-publish","format-standard","hentry","category-prhae","tag-nomeacao"],"acf":[],"_links":{"self":[{"href":"https:\/\/progepe.ufpr.br\/portarias\/wp-json\/wp\/v2\/posts\/182408","targetHints":{"allow":["GET"]}}],"collection":[{"href":"https:\/\/progepe.ufpr.br\/portarias\/wp-json\/wp\/v2\/posts"}],"about":[{"href":"https:\/\/progepe.ufpr.br\/portarias\/wp-json\/wp\/v2\/types\/post"}],"author":[{"embeddable":true,"href":"https:\/\/progepe.ufpr.br\/portarias\/wp-json\/wp\/v2\/users\/41"}],"replies":[{"embeddable":true,"href":"https:\/\/progepe.ufpr.br\/portarias\/wp-json\/wp\/v2\/comments?post=182408"}],"version-history":[{"count":1,"href":"https:\/\/progepe.ufpr.br\/portarias\/wp-json\/wp\/v2\/posts\/182408\/revisions"}],"predecessor-version":[{"id":220910,"href":"https:\/\/progepe.ufpr.br\/portarias\/wp-json\/wp\/v2\/posts\/182408\/revisions\/220910"}],"wp:attachment":[{"href":"https:\/\/progepe.ufpr.br\/portarias\/wp-json\/wp\/v2\/media?parent=182408"}],"wp:term":[{"taxonomy":"category","embeddable":true,"href":"https:\/\/progepe.ufpr.br\/portarias\/wp-json\/wp\/v2\/categories?post=182408"},{"taxonomy":"post_tag","embeddable":true,"href":"https:\/\/progepe.ufpr.br\/portarias\/wp-json\/wp\/v2\/tags?post=182408"}],"curies":[{"name":"wp","href":"https:\/\/api.w.org\/{rel}","templated":true}]}}