{"id":182476,"date":"2008-12-22T10:22:00","date_gmt":"2008-12-22T12:22:00","guid":{"rendered":"http:\/\/progepe.ufpr.br\/portarias\/prhae-2008-08281\/"},"modified":"2023-08-03T11:15:27","modified_gmt":"2023-08-03T14:15:27","slug":"prhae-2008-08281","status":"publish","type":"post","link":"https:\/\/progepe.ufpr.br\/portarias\/prhae-2008-08281\/","title":{"rendered":"PORTARIA N\u00ba 08281\/PRHAE, DE 22 DE DEZEMBRO DE 2008"},"content":{"rendered":"\n<p>O Pr\u00f3-Reitor de Recursos Humanos e Assuntos Estudantis da Universidade Federal do Paran\u00e1, no uso de suas atribui\u00e7\u00f5es, tendo em vista a compet\u00eancia que lhe \u00e9 conferida pela Portaria n\u00ba 2.590, de 26 de setembro de 1997, o que consta no artigo 9\u00ba, inciso I da Lei n\u00ba 8.112\/90 e de acordo com a Portaria MPOG n\u00ba 286 de 02.09.08, e Portaria do Minist\u00e9rio da Educa\u00e7\u00e3o n\u00ba 1.226 de 06.10.08; e ainda o contido no processo n\u00ba 049611\/2008-43,<\/p>\n\n\n<p><strong>RESOLVE:<\/strong><\/p>\n\n\n<p>I. Nomear em car\u00e1ter efetivo, ALEXANDRE NORONHA MACHADO, habilitado em concurso p\u00fablico de provas e t\u00edtulos, homologado em 06.05.2008, para o cargo de Professor do Grupo Magist\u00e9rio Superior, classe Assistente, n\u00edvel I, em regime de trabalho de dedica\u00e7\u00e3o exclusiva, na \u00e1rea de Filosofia \u2013 Introdu\u00e7\u00e3o \u00e0 Filosofia, do Departamento de Filosofia, do Setor de Ci\u00eancias Humanas, Letras e Artes, na vaga de c\u00f3digo n\u00ba 851133.<\/p><p> II. Conceder acr\u00e9scimo salarial, de acordo com o artigo 6\u00ba da Lei n\u00ba 11.344\/2006, a partir da data de exerc\u00edcio, tendo em vista possuir o t\u00edtulo de Mestre em Filosofia na \u00e1rea de concentra\u00e7\u00e3o Filosofia Contempor\u00e2nea.<\/p><p><\/p>\n\n\n<div style=\"height:15px\" aria-hidden=\"true\" class=\"wp-block-spacer\"><\/div>\n\n\n<div class=\"wp-block-buttons is-content-justification-right is-layout-flex wp-container-core-buttons-is-layout-1 wp-block-buttons-is-layout-flex\">\n<div class=\"wp-block-button has-custom-font-size is-style-outline has-small-font-size is-style-outline--1\"><a class=\"wp-block-button__link\" href=\"https:\/\/progepe.ufpr.br\/portarias\/wp-content\/uploads\/pcp\/PRHAE\/2008\/8281PR.pdf\" style=\"border-radius:0px\" target=\"_blank\" rel=\"noreferrer noopener\">Acesse o arquivo da portaria<\/a><\/div><\/div>\n","protected":false},"excerpt":{"rendered":"<p>I. Nomear em car\u00e1ter efetivo, ALEXANDRE NORONHA MACHADO, habilitado em concurso p\u00fablico de provas e t\u00edtulos, homologado em 06.05.2008, para o cargo de Professor do Grupo Magist\u00e9rio Superior, classe Assistente, n\u00edvel I, em regime de trabalho de dedica\u00e7\u00e3o exclusiva, na \u00e1rea de Filosofia \u2013 Introdu\u00e7\u00e3o \u00e0 Filosofia, do Departamento de Filosofia, do Setor de Ci\u00eancias Humanas, Letras e Artes, na vaga de c\u00f3digo n\u00ba 851133. II. Conceder acr\u00e9scimo salarial, de acordo com o artigo 6\u00ba da Lei n\u00ba 11.344\/2006, a partir da data de exerc\u00edcio, tendo em vista possuir o t\u00edtulo de Mestre em Filosofia na \u00e1rea de<\/p>\n","protected":false},"author":41,"featured_media":0,"comment_status":"closed","ping_status":"closed","sticky":false,"template":"wp-custom-template-emissao-entre-01-05-2004-ate-30-06-2017","format":"standard","meta":{"_acf_changed":false,"iawp_total_views":0,"footnotes":""},"categories":[232],"tags":[121],"class_list":["post-182476","post","type-post","status-publish","format-standard","hentry","category-prhae","tag-nomeacao"],"acf":[],"_links":{"self":[{"href":"https:\/\/progepe.ufpr.br\/portarias\/wp-json\/wp\/v2\/posts\/182476","targetHints":{"allow":["GET"]}}],"collection":[{"href":"https:\/\/progepe.ufpr.br\/portarias\/wp-json\/wp\/v2\/posts"}],"about":[{"href":"https:\/\/progepe.ufpr.br\/portarias\/wp-json\/wp\/v2\/types\/post"}],"author":[{"embeddable":true,"href":"https:\/\/progepe.ufpr.br\/portarias\/wp-json\/wp\/v2\/users\/41"}],"replies":[{"embeddable":true,"href":"https:\/\/progepe.ufpr.br\/portarias\/wp-json\/wp\/v2\/comments?post=182476"}],"version-history":[{"count":1,"href":"https:\/\/progepe.ufpr.br\/portarias\/wp-json\/wp\/v2\/posts\/182476\/revisions"}],"predecessor-version":[{"id":220978,"href":"https:\/\/progepe.ufpr.br\/portarias\/wp-json\/wp\/v2\/posts\/182476\/revisions\/220978"}],"wp:attachment":[{"href":"https:\/\/progepe.ufpr.br\/portarias\/wp-json\/wp\/v2\/media?parent=182476"}],"wp:term":[{"taxonomy":"category","embeddable":true,"href":"https:\/\/progepe.ufpr.br\/portarias\/wp-json\/wp\/v2\/categories?post=182476"},{"taxonomy":"post_tag","embeddable":true,"href":"https:\/\/progepe.ufpr.br\/portarias\/wp-json\/wp\/v2\/tags?post=182476"}],"curies":[{"name":"wp","href":"https:\/\/api.w.org\/{rel}","templated":true}]}}