{"id":182505,"date":"2008-05-09T10:05:00","date_gmt":"2008-05-09T13:05:00","guid":{"rendered":"http:\/\/progepe.ufpr.br\/portarias\/prhae-2008-05077\/"},"modified":"2023-08-03T11:10:53","modified_gmt":"2023-08-03T14:10:53","slug":"prhae-2008-05077","status":"publish","type":"post","link":"https:\/\/progepe.ufpr.br\/portarias\/prhae-2008-05077\/","title":{"rendered":"PORTARIA N\u00ba 05077\/PRHAE, DE 09 DE MAIO DE 2008"},"content":{"rendered":"\n<p>O Pr\u00f3-Reitor de Recursos Humanos e Assuntos Estudantis da Universidade Federal do Paran\u00e1, no uso de suas atribui\u00e7\u00f5es, tendo em vista a compet\u00eancia que lhe \u00e9 conferida pela Portaria n\u00ba 2.590, de 26 de setembro de 1997, nos termos do Art. 40 \u00a7 7\u00ba da E. C. n\u00ba 41\/2003 c\/c Lei n\u00ba 10.887\/2004 e considerando o contido no processo n\u00ba 9072\/08-18,<\/p>\n\n\n<p><strong>RESOLVE:<\/strong><\/p>\n\n\n<p>Conceder benef\u00edcio de pens\u00e3o vital\u00edcia, a partir de 07 de mar\u00e7o de 2008, data do falecimento de MARIA BENIGNA MARTINELLI DE OLIVEIRA &#8211; 077461, nos termos do Art. 217, inciso I, al\u00ednea a da Lei n\u00ba 8.112\/90, ao c\u00f4njuge BENEDITO VALDECIR DE OLIVEIRA, calculado com base nos vencimentos percebidos pela ex-servidora, na categoria funcional de Professor do Ensino de 3\u00b0 Grau, classe Titular, com Doutorado, em regime de dedica\u00e7\u00e3o exclusiva, na forma preceituada nos \u00a7\u00a7 7\u00b0 e 18 do Art. 40 da E. C. n\u00b0 41\/2003 c\/c Art. 2\u00b0 da Lei n\u00b0 10.887\/2004.<\/p><p><\/p>\n\n\n<div style=\"height:15px\" aria-hidden=\"true\" class=\"wp-block-spacer\"><\/div>\n\n\n<div class=\"wp-block-buttons is-content-justification-right is-layout-flex wp-container-core-buttons-is-layout-1 wp-block-buttons-is-layout-flex\">\n<div class=\"wp-block-button has-custom-font-size is-style-outline has-small-font-size is-style-outline--1\"><a class=\"wp-block-button__link\" href=\"https:\/\/progepe.ufpr.br\/portarias\/wp-content\/uploads\/pcp\/PRHAE\/2008\/5077PR.pdf\" style=\"border-radius:0px\" target=\"_blank\" rel=\"noreferrer noopener\">Acesse o arquivo da portaria<\/a><\/div><\/div>\n","protected":false},"excerpt":{"rendered":"<p>Conceder benef\u00edcio de pens\u00e3o vital\u00edcia, a partir de 07 de mar\u00e7o de 2008, data do falecimento de MARIA BENIGNA MARTINELLI DE OLIVEIRA &#8211; 077461, nos termos do Art. 217, inciso I, al\u00ednea a da Lei n\u00ba 8.112\/90, ao c\u00f4njuge BENEDITO VALDECIR DE OLIVEIRA, calculado com base nos vencimentos percebidos pela ex-servidora, na categoria funcional de Professor do Ensino de 3\u00b0 Grau, classe Titular, com Doutorado, em regime de dedica\u00e7\u00e3o exclusiva, na forma preceituada nos \u00a7\u00a7 7\u00b0 e 18 do Art. 40 da E. C. n\u00b0 41\/2003 c\/c Art. 2\u00b0 da Lei n\u00b0 10.887\/2004.  {&#8220;height&#8221;:&#8221;15px&#8221;} <\/p>\n<div style=\"height:15px\" aria-hidden=\"true\" \n\n","protected":false},"author":41,"featured_media":0,"comment_status":"closed","ping_status":"closed","sticky":false,"template":"wp-custom-template-emissao-entre-01-05-2004-ate-30-06-2017","format":"standard","meta":{"_acf_changed":false,"iawp_total_views":0,"footnotes":""},"categories":[232],"tags":[145],"class_list":["post-182505","post","type-post","status-publish","format-standard","hentry","category-prhae","tag-pensao"],"acf":[],"_links":{"self":[{"href":"https:\/\/progepe.ufpr.br\/portarias\/wp-json\/wp\/v2\/posts\/182505","targetHints":{"allow":["GET"]}}],"collection":[{"href":"https:\/\/progepe.ufpr.br\/portarias\/wp-json\/wp\/v2\/posts"}],"about":[{"href":"https:\/\/progepe.ufpr.br\/portarias\/wp-json\/wp\/v2\/types\/post"}],"author":[{"embeddable":true,"href":"https:\/\/progepe.ufpr.br\/portarias\/wp-json\/wp\/v2\/users\/41"}],"replies":[{"embeddable":true,"href":"https:\/\/progepe.ufpr.br\/portarias\/wp-json\/wp\/v2\/comments?post=182505"}],"version-history":[{"count":1,"href":"https:\/\/progepe.ufpr.br\/portarias\/wp-json\/wp\/v2\/posts\/182505\/revisions"}],"predecessor-version":[{"id":221007,"href":"https:\/\/progepe.ufpr.br\/portarias\/wp-json\/wp\/v2\/posts\/182505\/revisions\/221007"}],"wp:attachment":[{"href":"https:\/\/progepe.ufpr.br\/portarias\/wp-json\/wp\/v2\/media?parent=182505"}],"wp:term":[{"taxonomy":"category","embeddable":true,"href":"https:\/\/progepe.ufpr.br\/portarias\/wp-json\/wp\/v2\/categories?post=182505"},{"taxonomy":"post_tag","embeddable":true,"href":"https:\/\/progepe.ufpr.br\/portarias\/wp-json\/wp\/v2\/tags?post=182505"}],"curies":[{"name":"wp","href":"https:\/\/api.w.org\/{rel}","templated":true}]}}