{"id":18387,"date":"2019-11-27T20:00:00","date_gmt":"2019-11-27T23:00:00","guid":{"rendered":"http:\/\/progepe.ufpr.br\/portal\/?post_type=portarias&#038;p=18387"},"modified":"2023-08-03T11:03:08","modified_gmt":"2023-08-03T14:03:08","slug":"dd-2019-00576","status":"publish","type":"post","link":"https:\/\/progepe.ufpr.br\/portarias\/dd-2019-00576\/","title":{"rendered":"PORTARIA N\u00ba 00576\/DD, DE 27 DE NOVEMBRO DE 2019"},"content":{"rendered":"\n<p><strong>O Diretor Disciplinar da\nUniversidade Federal do Paran\u00e1, <\/strong>no uso de suas atribui\u00e7\u00f5es, tendo em\nvista a compet\u00eancia que lhe \u00e9 conferida pela Portaria n\u00ba 593\/REITORIA, de 28 de\nagosto de 2017, o disposto nos artigos 143, 148, 149 e 152 da Lei n\u00ba 8.112, de\n11 de dezembro de 1990, e o que consta no Processo 23075.074060\/2019-17,<\/p>\n\n\n\n<p>RESOLVE:<\/p>\n\n\n\n<p>Designar\nos servidores BRUNO M\u00dcLLER JUNIOR \u2014 0209539, Professor do Magist\u00e9rio Superior,\nlotado no Departamento de Inform\u00e1tica do Setor de Ci\u00eancias Exatas; LA\u00cdS ALVES\nMAGALH\u00c3ES \u2014 2969003, Assistente em Administra\u00e7\u00e3o, lotada na Se\u00e7\u00e3o de Apoio\nT\u00e9cnico da Diretoria Disciplinar; e FREDD JANNSSENN CARDOSO \u2014 1800322, Assistente\nem Administra\u00e7\u00e3o, lotado no Departamento de Constru\u00e7\u00e3o Civil do Setor de\nTecnologia, para, sob a presid\u00eancia do primeiro, constitu\u00edrem Comiss\u00e3o de\nProcesso Administrativo Disciplinar destinada a apurar, no prazo de 60\n(sessenta) dias, os fatos de que trata o Processo 23075.074060\/2019-17.<\/p>\n\n\n\n<p style=\"text-align:right\">MANOEL\nROBERTO SILVA DE SOUZA<\/p>\n\n\n\n<p style=\"text-align:right\">Diretor\nDisciplinar<\/p>\n","protected":false},"excerpt":{"rendered":"<p>Designar os servidores BRUNO M\u00dcLLER JUNIOR \u2014 0209539, Professor do Magist\u00e9rio Superior, lotado no Departamento de Inform\u00e1tica do Setor de Ci\u00eancias Exatas; LA\u00cdS ALVES MAGALH\u00c3ES \u2014 2969003, Assistente em Administra\u00e7\u00e3o, lotada na Se\u00e7\u00e3o de Apoio T\u00e9cnico da Diretoria Disciplinar; e FREDD JANNSSENN CARDOSO \u2014 1800322, Assistente em Administra\u00e7\u00e3o, lotado no Departamento de Constru\u00e7\u00e3o Civil do Setor de Tecnologia, para, sob a presid\u00eancia do primeiro, constitu\u00edrem Comiss\u00e3o de Processo Administrativo Disciplinar destinada a apurar, no prazo de 60 (sessenta) dias, os fatos de que trata o Processo 23075.074060\/2019-17.  <!-- wp:paragraph {\"align\":\"right\"} \n\n<p style=\"text-align:right\">MANOEL ROBERTO SILVA DE SOUZA\n<\/p>\n","protected":false},"author":12,"featured_media":0,"comment_status":"closed","ping_status":"closed","sticky":false,"template":"","format":"standard","meta":{"_acf_changed":false,"iawp_total_views":0,"footnotes":""},"categories":[118],"tags":[132],"class_list":["post-18387","post","type-post","status-publish","format-standard","hentry","category-dd","tag-pad-sindicancia"],"acf":[],"_links":{"self":[{"href":"https:\/\/progepe.ufpr.br\/portarias\/wp-json\/wp\/v2\/posts\/18387","targetHints":{"allow":["GET"]}}],"collection":[{"href":"https:\/\/progepe.ufpr.br\/portarias\/wp-json\/wp\/v2\/posts"}],"about":[{"href":"https:\/\/progepe.ufpr.br\/portarias\/wp-json\/wp\/v2\/types\/post"}],"author":[{"embeddable":true,"href":"https:\/\/progepe.ufpr.br\/portarias\/wp-json\/wp\/v2\/users\/12"}],"replies":[{"embeddable":true,"href":"https:\/\/progepe.ufpr.br\/portarias\/wp-json\/wp\/v2\/comments?post=18387"}],"version-history":[{"count":2,"href":"https:\/\/progepe.ufpr.br\/portarias\/wp-json\/wp\/v2\/posts\/18387\/revisions"}],"predecessor-version":[{"id":191527,"href":"https:\/\/progepe.ufpr.br\/portarias\/wp-json\/wp\/v2\/posts\/18387\/revisions\/191527"}],"wp:attachment":[{"href":"https:\/\/progepe.ufpr.br\/portarias\/wp-json\/wp\/v2\/media?parent=18387"}],"wp:term":[{"taxonomy":"category","embeddable":true,"href":"https:\/\/progepe.ufpr.br\/portarias\/wp-json\/wp\/v2\/categories?post=18387"},{"taxonomy":"post_tag","embeddable":true,"href":"https:\/\/progepe.ufpr.br\/portarias\/wp-json\/wp\/v2\/tags?post=18387"}],"curies":[{"name":"wp","href":"https:\/\/api.w.org\/{rel}","templated":true}]}}