{"id":184016,"date":"2007-03-13T05:00:00","date_gmt":"2007-03-13T08:00:00","guid":{"rendered":"http:\/\/progepe.ufpr.br\/portarias\/rt-2007-00631\/"},"modified":"2023-07-31T17:50:35","modified_gmt":"2023-07-31T20:50:35","slug":"rt-2007-00631","status":"publish","type":"post","link":"https:\/\/progepe.ufpr.br\/portarias\/rt-2007-00631\/","title":{"rendered":"PORTARIA N\u00ba 00631\/REITORIA, DE 13 DE MAR\u00c7O DE 2007"},"content":{"rendered":"\n<p>O Reitor da Universidade Federal do Paran\u00e1, no uso de suas atribui\u00e7\u00f5es e considerando as exig\u00eancias do disposto no Art. 4\u00ba, \u00a7 \u00danico, incisos VII e XVIII e Art. 2\u00ba, inciso XXI da Resolu\u00e7\u00e3o n\u00ba 03\/2006-TCE e o contido no processo n\u00ba 6524\/07-11,<\/p>\n\n\n<p><strong>RESOLVE:<\/strong><\/p>\n\n\n<p>Art. 1\u00ba &#8211; Criar as Unidades Gestoras de Transfer\u00eancias Volunt\u00e1rias do Governo do Estado do Paran\u00e1 para a UFPR, nos termos da presente Portaria, com a finalidade de: .<\/p><p> a) avalia\u00e7\u00e3o do cumprimento de metas pactuadas com a entidade repassadora;.<\/p><p> b) controle na aplica\u00e7\u00e3o dos recursos;.<\/p><p> c) encaminhamento da presta\u00e7\u00e3o de contas das transfer\u00eancias volunt\u00e1rias estaduais ao TCE;.<\/p><p> d) observ\u00e2ncia dos atos normativos do poder p\u00fablico aplic\u00e1veis.<\/p><p> Art. 2\u00ba &#8211; Criar a Unidade Gestora de Conv\u00eanios celebrados entre a Funda\u00e7\u00e3o Arauc\u00e1ria e a UFPR, com a finalidade de supervisionar a execu\u00e7\u00e3o financeira dos projetos constantes de cada conv\u00eanio.<\/p><p> \u00a7 \u00danico &#8211; A Unidade Gestora de que trata o caput deste artigo ter\u00e1 a seguinte constitui\u00e7\u00e3o:.<\/p><p> I. Representante das Coordenadorias da Pr\u00f3-Reitoria de Pesquisa e P\u00f3s-Gradua\u00e7\u00e3o &#8211; PRPPG, nos seguintes termos:.<\/p><p> a) Coordenadoria de Pesquisa e do Desenvolvimento da Ci\u00eancia e Tecnologia, quando o conv\u00eanio tratar de Pesquisa de apoio \u00e0 realiza\u00e7\u00e3o e\/ou participa\u00e7\u00e3o em eventos;.<\/p><p> b) Coordenadoria Stricto sensu quando o conv\u00eanio tratar de Apoio \u00e0 P\u00f3s-Gradua\u00e7\u00e3o em suas diferentes modalidade ou de apoio a publica\u00e7\u00e3o de peri\u00f3dicos;.<\/p><p> c) Coordenadoria de Inicia\u00e7\u00e3o Cient\u00edfica quando o conv\u00eanio tratar de Apoio \u00e0 Inicia\u00e7\u00e3o Cient\u00edfica.<\/p><p> II. Coordenador do projeto que, em caso de conv\u00eanio com projeto \u00fanico, \u00e9 considerado membro nato. No caso de conv\u00eanio constitu\u00eddo por v\u00e1rios projetos, todos os Coordenadores de Projetos far\u00e3o parte da Unidade Gestora como titulares ou suplentes, sendo que esta defini\u00e7\u00e3o ficar\u00e1 a crit\u00e9rio do conjunto de Coordenadores dos projetos, que comunicar\u00e1 a PRPPG os membro titulares e suplentes a comporem a Unidade Gestora do conv\u00eanio.<\/p><p> III. Representante da Se\u00e7\u00e3o de Or\u00e7amento e Finan\u00e7as.<\/p><p> \u00a7 2\u00ba &#8211; Fica delegada \u00e0 PRPPG a incumb\u00eancia de designar atrav\u00e9s de Portaria os membros da Unidade Gestora dos Conv\u00eanios envolvendo a Funda\u00e7\u00e3o Arauc\u00e1ria, cabendo-lhe publicar a lista dos nomes dos membros em sua p\u00e1gina na Internet.<\/p><p> Art. 3\u00ba &#8211; Criar a Unidade Gestora de Conv\u00eanios celebrados entre o Governo Municipal ou o Governo de Estado do Paran\u00e1 e a UFPR atrav\u00e9s do Hospital de Cl\u00ednicas, com a finalidade de supervisionar a execu\u00e7\u00e3o financeira dos projetos constantes de cada conv\u00eanio.<\/p><p> \u00a7 \u00danico &#8211; A Unidade Gestora de que trata o caput deste artigo ter\u00e1 a seguinte constitui\u00e7\u00e3o:.<\/p><p> I. Diretor Financeiro do Hospital de Cl\u00ednicas;.<\/p><p> II. Chefe da Se\u00e7\u00e3o Or\u00e7ament\u00e1ria do Hospital de Cl\u00ednicas;.<\/p><p> III. Coordenador do projeto que, em caso de conv\u00eanio com projeto \u00fanico \u00e9 considerado membro nato. No caso de conv\u00eanio constitu\u00eddo por v\u00e1rios projetos, todos os Coordenadores de Projetos far\u00e3o parte da Unidade Gestora como titulares ou suplentes.<\/p><p> Art. 4 &#8211; Criar a Unidade Gestora de Conv\u00eanios celebrados entre o Governo Municipal ou o Governo de Estado do Paran\u00e1 e a UFPR, com a finalidade de supervisionar a execu\u00e7\u00e3o financeira dos projetos constantes de cada conv\u00eanio, exceto os descritos nos artigos 2\u00ba e 3\u00ba desta Portaria.<\/p><p> \u00a7 \u00danico &#8211; A Unidade Gestora de que trata o caput deste artigo ter\u00e1 a seguinte constitui\u00e7\u00e3o:.<\/p><p> I. Coordenador de Rela\u00e7\u00f5es Institucionais da Pr\u00f3-Reitoria de Planejamento, Or\u00e7amento e Finan\u00e7as &#8211; PROPLAN;.<\/p><p> II. Diretor de Contabilidade e Finan\u00e7as da PROPLAN;.<\/p><p> III. Coordenador do projeto nomeado por Portaria da Vice-Reitoria, que em caso de conv\u00eanio com projeto \u00fanico \u00e9 considerado membro nato. No caso de conv\u00eanio constitu\u00eddo por v\u00e1rios projetos, todos os Coordenadores de Projetos far\u00e3o parte da Unidade Gestora como titulares e suplentes.<\/p><p><\/p>\n\n\n<div style=\"height:15px\" aria-hidden=\"true\" class=\"wp-block-spacer\"><\/div>\n\n\n<div class=\"wp-block-buttons is-content-justification-right is-layout-flex wp-container-core-buttons-is-layout-1 wp-block-buttons-is-layout-flex\">\n<div class=\"wp-block-button has-custom-font-size is-style-outline has-small-font-size is-style-outline--1\"><a class=\"wp-block-button__link\" href=\"https:\/\/progepe.ufpr.br\/portarias\/wp-content\/uploads\/pcp\/RT\/2007\/631R.pdf\" style=\"border-radius:0px\" target=\"_blank\" rel=\"noreferrer noopener\">Acesse o arquivo da portaria<\/a><\/div><\/div>\n","protected":false},"excerpt":{"rendered":"<p>Art. 1\u00ba &#8211; Criar as Unidades Gestoras de Transfer\u00eancias Volunt\u00e1rias do Governo do Estado do Paran\u00e1 para a UFPR, nos termos da presente Portaria, com a finalidade de: . a) avalia\u00e7\u00e3o do cumprimento de metas pactuadas com a entidade repassadora;. b) controle na aplica\u00e7\u00e3o dos recursos;. c) encaminhamento da presta\u00e7\u00e3o de contas das transfer\u00eancias volunt\u00e1rias estaduais ao TCE;. d) observ\u00e2ncia dos atos normativos do poder p\u00fablico aplic\u00e1veis. Art. 2\u00ba &#8211; Criar a Unidade Gestora de Conv\u00eanios celebrados entre a Funda\u00e7\u00e3o Arauc\u00e1ria e a UFPR, com a finalidade de supervisionar a execu\u00e7\u00e3o financeira dos projetos constantes de cada conv\u00eanio.<\/p>\n","protected":false},"author":41,"featured_media":0,"comment_status":"closed","ping_status":"closed","sticky":false,"template":"wp-custom-template-emissao-entre-01-05-2004-ate-30-06-2017","format":"standard","meta":{"_acf_changed":false,"iawp_total_views":0,"footnotes":""},"categories":[117],"tags":[],"class_list":["post-184016","post","type-post","status-publish","format-standard","hentry","category-rt"],"acf":[],"_links":{"self":[{"href":"https:\/\/progepe.ufpr.br\/portarias\/wp-json\/wp\/v2\/posts\/184016","targetHints":{"allow":["GET"]}}],"collection":[{"href":"https:\/\/progepe.ufpr.br\/portarias\/wp-json\/wp\/v2\/posts"}],"about":[{"href":"https:\/\/progepe.ufpr.br\/portarias\/wp-json\/wp\/v2\/types\/post"}],"author":[{"embeddable":true,"href":"https:\/\/progepe.ufpr.br\/portarias\/wp-json\/wp\/v2\/users\/41"}],"replies":[{"embeddable":true,"href":"https:\/\/progepe.ufpr.br\/portarias\/wp-json\/wp\/v2\/comments?post=184016"}],"version-history":[{"count":1,"href":"https:\/\/progepe.ufpr.br\/portarias\/wp-json\/wp\/v2\/posts\/184016\/revisions"}],"predecessor-version":[{"id":222454,"href":"https:\/\/progepe.ufpr.br\/portarias\/wp-json\/wp\/v2\/posts\/184016\/revisions\/222454"}],"wp:attachment":[{"href":"https:\/\/progepe.ufpr.br\/portarias\/wp-json\/wp\/v2\/media?parent=184016"}],"wp:term":[{"taxonomy":"category","embeddable":true,"href":"https:\/\/progepe.ufpr.br\/portarias\/wp-json\/wp\/v2\/categories?post=184016"},{"taxonomy":"post_tag","embeddable":true,"href":"https:\/\/progepe.ufpr.br\/portarias\/wp-json\/wp\/v2\/tags?post=184016"}],"curies":[{"name":"wp","href":"https:\/\/api.w.org\/{rel}","templated":true}]}}