{"id":184069,"date":"2007-04-30T05:10:00","date_gmt":"2007-04-30T08:10:00","guid":{"rendered":"http:\/\/progepe.ufpr.br\/portarias\/rt-2007-00684\/"},"modified":"2023-09-22T15:33:47","modified_gmt":"2023-09-22T18:33:47","slug":"rt-2007-00684","status":"publish","type":"post","link":"https:\/\/progepe.ufpr.br\/portarias\/rt-2007-00684\/","title":{"rendered":"PORTARIA N\u00ba 00684\/REITORIA, DE 30 DE ABRIL DE 2007"},"content":{"rendered":"\n<p style=\"padding-left:43%\">O Reitor da Universidade Federal do Paran\u00e1, no uso de suas atribui\u00e7\u00f5es e tendo em vista o que consta no processo n\u00ba 18594\/07-11,<\/p>\n\n\n\n<p style=\"padding-left:43%\"><strong>RESOLVE:<\/strong><\/p>\n\n\n\n<p>I. Designar o Professor KEY IMAGUIRE JUNIOR &#8211; 058548, CPF n\u00ba \u275a\u275a\u275a.\u275a\u275a\u275a.\u275a\u275a\u275a-\u275a\u275a, classe Titular, no regime de trabalho de 40 (quarenta) horas semanais, para exercer, na qualidade de decano, de acordo com o Art. 3\u00ba, \u00a7 \u00danico da Resolu\u00e7\u00e3o n\u00ba 04\/95-COUN, o cargo de Chefe do Departamento de Arquitetura e Urbanismo, FG-01, do Setor de Tecnologia, a partir de 19 de abril de 2007, at\u00e9 a nomea\u00e7\u00e3o dos novos eleitos.<\/p>\n\n\n\n<p>II. O mencionado docente cumprir\u00e1, obrigatoriamente, o regime de trabalho de tempo integral, de acordo com o disposto no \u00a7 5\u00ba, artigo 1\u00ba da Lei n\u00ba 8.168\/91.<\/p>\n","protected":false},"excerpt":{"rendered":"<p>I. Designar o Professor KEY IMAGUIRE JUNIOR &#8211; 058548, CPF n\u00ba \u275a\u275a\u275a.\u275a\u275a\u275a.\u275a\u275a\u275a-\u275a\u275a, classe Titular, no regime de trabalho de 40 (quarenta) horas semanais, para exercer, na qualidade de decano, de acordo com o Art. 3\u00ba, \u00a7 \u00danico da Resolu\u00e7\u00e3o n\u00ba 04\/95-COUN, o cargo de Chefe do Departamento de Arquitetura e Urbanismo, FG-01, do Setor de Tecnologia, a partir de 19 de abril de 2007, at\u00e9 a nomea\u00e7\u00e3o dos novos eleitos.  II. O mencionado docente cumprir\u00e1, obrigatoriamente, o regime de trabalho de tempo integral, de acordo com o disposto no \u00a7 5\u00ba, artigo 1\u00ba da Lei n\u00ba 8.168\/91.<\/p>\n","protected":false},"author":41,"featured_media":0,"comment_status":"closed","ping_status":"closed","sticky":false,"template":"","format":"standard","meta":{"_acf_changed":false,"iawp_total_views":0,"footnotes":""},"categories":[117],"tags":[244],"class_list":["post-184069","post","type-post","status-publish","format-standard","hentry","category-rt","tag-chefe-suplente"],"acf":[],"_links":{"self":[{"href":"https:\/\/progepe.ufpr.br\/portarias\/wp-json\/wp\/v2\/posts\/184069","targetHints":{"allow":["GET"]}}],"collection":[{"href":"https:\/\/progepe.ufpr.br\/portarias\/wp-json\/wp\/v2\/posts"}],"about":[{"href":"https:\/\/progepe.ufpr.br\/portarias\/wp-json\/wp\/v2\/types\/post"}],"author":[{"embeddable":true,"href":"https:\/\/progepe.ufpr.br\/portarias\/wp-json\/wp\/v2\/users\/41"}],"replies":[{"embeddable":true,"href":"https:\/\/progepe.ufpr.br\/portarias\/wp-json\/wp\/v2\/comments?post=184069"}],"version-history":[{"count":14,"href":"https:\/\/progepe.ufpr.br\/portarias\/wp-json\/wp\/v2\/posts\/184069\/revisions"}],"predecessor-version":[{"id":251941,"href":"https:\/\/progepe.ufpr.br\/portarias\/wp-json\/wp\/v2\/posts\/184069\/revisions\/251941"}],"wp:attachment":[{"href":"https:\/\/progepe.ufpr.br\/portarias\/wp-json\/wp\/v2\/media?parent=184069"}],"wp:term":[{"taxonomy":"category","embeddable":true,"href":"https:\/\/progepe.ufpr.br\/portarias\/wp-json\/wp\/v2\/categories?post=184069"},{"taxonomy":"post_tag","embeddable":true,"href":"https:\/\/progepe.ufpr.br\/portarias\/wp-json\/wp\/v2\/tags?post=184069"}],"curies":[{"name":"wp","href":"https:\/\/api.w.org\/{rel}","templated":true}]}}