{"id":18411,"date":"2019-11-29T05:04:00","date_gmt":"2019-11-29T08:04:00","guid":{"rendered":"http:\/\/progepe.ufpr.br\/portal\/?post_type=portarias&#038;p=18411"},"modified":"2023-08-03T13:16:55","modified_gmt":"2023-08-03T16:16:55","slug":"rt-2019-01130","status":"publish","type":"post","link":"https:\/\/progepe.ufpr.br\/portarias\/rt-2019-01130\/","title":{"rendered":"PORTARIA N\u00ba 01130\/REITORIA, DE 26 DE NOVEMBRO DE 2019"},"content":{"rendered":"\n<p><strong>O Reitor da Universidade Federal\ndo Paran\u00e1, <\/strong>no uso de suas\natribui\u00e7\u00f5es, tendo em vista o que consta no artigo 50, \u00a7 1\u00ba do Estatuto desta\nUniversidade e o que consta no processo n\u00ba 23075.065019\/2019-41,<\/p>\n\n\n\n<p>RESOLVE:<\/p>\n\n\n\n<p>I.\nNomear o servidor INDIONEY CARNEIRO RODRIGUES &#8211; 2329960,\nProfessor do Magist\u00e9rio Superior, lotado no Departamento de Artes do Setor de\nArtes, Comunica\u00e7\u00e3o e Design, no regime de trabalho de dedica\u00e7\u00e3o exclusiva, para\nexercer a Fun\u00e7\u00e3o de Coordenador de Curso de Gradua\u00e7\u00e3o do Setor de Artes,\nComunica\u00e7\u00e3o e Design, FCC \u2013 Fun\u00e7\u00e3o Comissionada de Coordena\u00e7\u00e3o de Curso (Curso\nde M\u00fasica), autorizada pela Lei n\u00ba 12.677, de 25\nde junho de 2012, publicada no DOU de 26.06.2012 e Portaria do MEC n\u00ba 1.172, de\n17 de setembro de 2012, pelo per\u00edodo de 02 (dois) anos, a partir da data de publica\u00e7\u00e3o\nem DOU, de acordo com a Lei n\u00ba 9.527\/97.<\/p>\n\n\n\n<p>II. O mencionado servidor cumprir\u00e1, obrigatoriamente, o\nregime de trabalho de tempo integral, de acordo com o disposto no \u00a7 5\u00ba, artigo\n1\u00ba da Lei n\u00ba 8.168\/91.<\/p>\n\n\n\n<p style=\"text-align:right\">Ricardo Marcelo Fonseca<\/p>\n","protected":false},"excerpt":{"rendered":"<p>I. Nomear o servidor INDIONEY CARNEIRO RODRIGUES &#8211; 2329960, Professor do Magist\u00e9rio Superior, lotado no Departamento de Artes do Setor de Artes, Comunica\u00e7\u00e3o e Design, no regime de trabalho de dedica\u00e7\u00e3o exclusiva, para exercer a Fun\u00e7\u00e3o de Coordenador de Curso de Gradua\u00e7\u00e3o do Setor de Artes, Comunica\u00e7\u00e3o e Design, FCC \u2013 Fun\u00e7\u00e3o Comissionada de Coordena\u00e7\u00e3o de Curso (Curso de M\u00fasica), autorizada pela Lei n\u00ba 12.677, de 25 de junho de 2012, publicada no DOU de 26.06.2012 e Portaria do MEC n\u00ba 1.172, de 17 de setembro de 2012, pelo per\u00edodo de 02 (dois) anos, a partir da data<\/p>\n","protected":false},"author":49,"featured_media":0,"comment_status":"closed","ping_status":"closed","sticky":false,"template":"","format":"standard","meta":{"_acf_changed":false,"iawp_total_views":0,"footnotes":""},"categories":[117],"tags":[120],"class_list":["post-18411","post","type-post","status-publish","format-standard","hentry","category-rt","tag-funcao"],"acf":[],"_links":{"self":[{"href":"https:\/\/progepe.ufpr.br\/portarias\/wp-json\/wp\/v2\/posts\/18411","targetHints":{"allow":["GET"]}}],"collection":[{"href":"https:\/\/progepe.ufpr.br\/portarias\/wp-json\/wp\/v2\/posts"}],"about":[{"href":"https:\/\/progepe.ufpr.br\/portarias\/wp-json\/wp\/v2\/types\/post"}],"author":[{"embeddable":true,"href":"https:\/\/progepe.ufpr.br\/portarias\/wp-json\/wp\/v2\/users\/49"}],"replies":[{"embeddable":true,"href":"https:\/\/progepe.ufpr.br\/portarias\/wp-json\/wp\/v2\/comments?post=18411"}],"version-history":[{"count":1,"href":"https:\/\/progepe.ufpr.br\/portarias\/wp-json\/wp\/v2\/posts\/18411\/revisions"}],"predecessor-version":[{"id":191531,"href":"https:\/\/progepe.ufpr.br\/portarias\/wp-json\/wp\/v2\/posts\/18411\/revisions\/191531"}],"wp:attachment":[{"href":"https:\/\/progepe.ufpr.br\/portarias\/wp-json\/wp\/v2\/media?parent=18411"}],"wp:term":[{"taxonomy":"category","embeddable":true,"href":"https:\/\/progepe.ufpr.br\/portarias\/wp-json\/wp\/v2\/categories?post=18411"},{"taxonomy":"post_tag","embeddable":true,"href":"https:\/\/progepe.ufpr.br\/portarias\/wp-json\/wp\/v2\/tags?post=18411"}],"curies":[{"name":"wp","href":"https:\/\/api.w.org\/{rel}","templated":true}]}}