{"id":184401,"date":"2007-01-09T05:00:00","date_gmt":"2007-01-09T07:00:00","guid":{"rendered":"http:\/\/progepe.ufpr.br\/portarias\/?p=184401"},"modified":"2023-07-31T17:51:14","modified_gmt":"2023-07-31T20:51:14","slug":"rt-2007-00577","status":"publish","type":"post","link":"https:\/\/progepe.ufpr.br\/portarias\/rt-2007-00577\/","title":{"rendered":"PORTARIA N\u00ba 00577\/REITORIA, DE 09 DE JANEIRO DE 2007"},"content":{"rendered":"\n<p style=\"padding-left:43%\">A Vice-Reitora da Universidade Federal do Paran\u00e1, no exerc\u00edcio do cargo de Reitora, no uso de suas atribui\u00e7\u00f5es e tendo em vista o que consta no processo no 19673\/06-69,<\/p>\n\n\n\n<p style=\"padding-left:43%\"><strong>RESOLVE:<\/strong><\/p>\n\n\n\n<p>l. Destituir, a partir de 22 de dezembro de 2006, o Professor BLENIO CESAR SEVERO PEIXE &#8211; 137430, da Comiss\u00e3o do Plano Diretor, institu\u00edda pela Portaria n\u00ba 098\/REITOR, de 15 de maio de 2006.<\/p>\n\n\n\n<p>II. Designar em substitui\u00e7\u00e3o, a partir da mesma data, o Professor PAULO TETUO YAMAMOTO &#8211; 125296, Pr\u00f3-Reitor de Planejamento, Or\u00e7amento e Finan\u00e7as, como membro da citada Comiss\u00e3o.<\/p>\n","protected":false},"excerpt":{"rendered":"<p>l. Destituir, a partir de 22 de dezembro de 2006, o Professor BLENIO CESAR SEVERO PEIXE &#8211; 137430, da Comiss\u00e3o do Plano Diretor, institu\u00edda pela Portaria n\u00ba 098\/REITOR, de 15 de maio de 2006.  II. Designar em substitui\u00e7\u00e3o, a partir da mesma data, o Professor PAULO TETUO YAMAMOTO &#8211; 125296, Pr\u00f3-Reitor de Planejamento, Or\u00e7amento e Finan\u00e7as, como membro da citada Comiss\u00e3o.<\/p>\n","protected":false},"author":39,"featured_media":0,"comment_status":"closed","ping_status":"closed","sticky":false,"template":"","format":"standard","meta":{"_acf_changed":false,"iawp_total_views":1,"footnotes":""},"categories":[117],"tags":[124],"class_list":["post-184401","post","type-post","status-publish","format-standard","hentry","category-rt","tag-comissao"],"acf":[],"_links":{"self":[{"href":"https:\/\/progepe.ufpr.br\/portarias\/wp-json\/wp\/v2\/posts\/184401","targetHints":{"allow":["GET"]}}],"collection":[{"href":"https:\/\/progepe.ufpr.br\/portarias\/wp-json\/wp\/v2\/posts"}],"about":[{"href":"https:\/\/progepe.ufpr.br\/portarias\/wp-json\/wp\/v2\/types\/post"}],"author":[{"embeddable":true,"href":"https:\/\/progepe.ufpr.br\/portarias\/wp-json\/wp\/v2\/users\/39"}],"replies":[{"embeddable":true,"href":"https:\/\/progepe.ufpr.br\/portarias\/wp-json\/wp\/v2\/comments?post=184401"}],"version-history":[{"count":2,"href":"https:\/\/progepe.ufpr.br\/portarias\/wp-json\/wp\/v2\/posts\/184401\/revisions"}],"predecessor-version":[{"id":184406,"href":"https:\/\/progepe.ufpr.br\/portarias\/wp-json\/wp\/v2\/posts\/184401\/revisions\/184406"}],"wp:attachment":[{"href":"https:\/\/progepe.ufpr.br\/portarias\/wp-json\/wp\/v2\/media?parent=184401"}],"wp:term":[{"taxonomy":"category","embeddable":true,"href":"https:\/\/progepe.ufpr.br\/portarias\/wp-json\/wp\/v2\/categories?post=184401"},{"taxonomy":"post_tag","embeddable":true,"href":"https:\/\/progepe.ufpr.br\/portarias\/wp-json\/wp\/v2\/tags?post=184401"}],"curies":[{"name":"wp","href":"https:\/\/api.w.org\/{rel}","templated":true}]}}