{"id":185195,"date":"2007-03-08T10:01:00","date_gmt":"2007-03-08T13:01:00","guid":{"rendered":"http:\/\/progepe.ufpr.br\/portarias\/prhae-2007-01983\/"},"modified":"2023-08-03T11:06:47","modified_gmt":"2023-08-03T14:06:47","slug":"prhae-2007-01983","status":"publish","type":"post","link":"https:\/\/progepe.ufpr.br\/portarias\/prhae-2007-01983\/","title":{"rendered":"PORTARIA N\u00ba 01983\/PRHAE, DE 08 DE MAR\u00c7O DE 2007"},"content":{"rendered":"\n<p>O Pr\u00f3-Reitor de Recursos Humanos e Assuntos Estudantis da Universidade Federal do Paran\u00e1, no uso de suas atribui\u00e7\u00f5es, tendo em vista a compet\u00eancia que lhe \u00e9 conferida pela Portaria n\u00ba 2.590, de 26 de setembro de 1997 e considerando o que consta no processo n\u00ba 2942\/07-39,<\/p>\n\n\n<p><strong>RESOLVE:<\/strong><\/p>\n\n\n<p>Alterar a Portaria n\u00ba 1643\/PRHAE de 01 de fevereiro de 2007, referente \u00e0 averba\u00e7\u00e3o de tempo de servi\u00e7o em favor do professor RUBENS ROBLES ORTEGA JUNIOR \u2013 094102, classe Adjunto, lotado no Departamento de Matem\u00e1tica do Setor de Ci\u00eancias Exatas, para fazer constar que os tempos de servi\u00e7o prestados ao Col\u00e9gio Bardall S\/C Ltda, Associa\u00e7\u00e3o Educacional Decisivo, e, Associa\u00e7\u00e3o de Ensino Jesus Menino, devem ser averbados para fins de aposentadoria especial e disponibilidade, e n\u00e3o como constou no referido ato.<\/p><p><\/p>\n\n\n<div style=\"height:15px\" aria-hidden=\"true\" class=\"wp-block-spacer\"><\/div>\n\n\n<div class=\"wp-block-buttons is-content-justification-right is-layout-flex wp-container-core-buttons-is-layout-1 wp-block-buttons-is-layout-flex\">\n<div class=\"wp-block-button has-custom-font-size is-style-outline has-small-font-size is-style-outline--1\"><a class=\"wp-block-button__link\" href=\"https:\/\/progepe.ufpr.br\/portarias\/wp-content\/uploads\/pcp\/PRHAE\/2007\/1983PR.pdf\" style=\"border-radius:0px\" target=\"_blank\" rel=\"noreferrer noopener\">Acesse o arquivo da portaria<\/a><\/div><\/div>\n","protected":false},"excerpt":{"rendered":"<p>Alterar a Portaria n\u00ba 1643\/PRHAE de 01 de fevereiro de 2007, referente \u00e0 averba\u00e7\u00e3o de tempo de servi\u00e7o em favor do professor RUBENS ROBLES ORTEGA JUNIOR \u2013 094102, classe Adjunto, lotado no Departamento de Matem\u00e1tica do Setor de Ci\u00eancias Exatas, para fazer constar que os tempos de servi\u00e7o prestados ao Col\u00e9gio Bardall S\/C Ltda, Associa\u00e7\u00e3o Educacional Decisivo, e, Associa\u00e7\u00e3o de Ensino Jesus Menino, devem ser averbados para fins de aposentadoria especial e disponibilidade, e n\u00e3o como constou no referido ato.  {&#8220;height&#8221;:&#8221;15px&#8221;} <\/p>\n<div style=\"height:15px\" aria-hidden=\"true\" class=\"wp-block-spacer\"> <!-- \/wp:spacer  {\"layout\":{\"type\":\"flex\",\"justifyContent\":\"right\"}} \n\n<div class=\"wp-block-buttons\"><!-- wp:button {\"style\":{\"border\":{\"radius\":\"0px\"}},\"className\":\"is-style-outline\",\"fontSize\":\"small\"} \n\n<div class=\"wp-block-button has-custom-font-size is-style-outline \n\n","protected":false},"author":41,"featured_media":0,"comment_status":"closed","ping_status":"closed","sticky":false,"template":"wp-custom-template-emissao-entre-01-05-2004-ate-30-06-2017","format":"standard","meta":{"_acf_changed":false,"iawp_total_views":0,"footnotes":""},"categories":[232],"tags":[],"class_list":["post-185195","post","type-post","status-publish","format-standard","hentry","category-prhae"],"acf":[],"_links":{"self":[{"href":"https:\/\/progepe.ufpr.br\/portarias\/wp-json\/wp\/v2\/posts\/185195","targetHints":{"allow":["GET"]}}],"collection":[{"href":"https:\/\/progepe.ufpr.br\/portarias\/wp-json\/wp\/v2\/posts"}],"about":[{"href":"https:\/\/progepe.ufpr.br\/portarias\/wp-json\/wp\/v2\/types\/post"}],"author":[{"embeddable":true,"href":"https:\/\/progepe.ufpr.br\/portarias\/wp-json\/wp\/v2\/users\/41"}],"replies":[{"embeddable":true,"href":"https:\/\/progepe.ufpr.br\/portarias\/wp-json\/wp\/v2\/comments?post=185195"}],"version-history":[{"count":1,"href":"https:\/\/progepe.ufpr.br\/portarias\/wp-json\/wp\/v2\/posts\/185195\/revisions"}],"predecessor-version":[{"id":223297,"href":"https:\/\/progepe.ufpr.br\/portarias\/wp-json\/wp\/v2\/posts\/185195\/revisions\/223297"}],"wp:attachment":[{"href":"https:\/\/progepe.ufpr.br\/portarias\/wp-json\/wp\/v2\/media?parent=185195"}],"wp:term":[{"taxonomy":"category","embeddable":true,"href":"https:\/\/progepe.ufpr.br\/portarias\/wp-json\/wp\/v2\/categories?post=185195"},{"taxonomy":"post_tag","embeddable":true,"href":"https:\/\/progepe.ufpr.br\/portarias\/wp-json\/wp\/v2\/tags?post=185195"}],"curies":[{"name":"wp","href":"https:\/\/api.w.org\/{rel}","templated":true}]}}