{"id":185226,"date":"2007-03-09T10:24:00","date_gmt":"2007-03-09T13:24:00","guid":{"rendered":"http:\/\/progepe.ufpr.br\/portarias\/prhae-2007-02014\/"},"modified":"2023-08-03T11:06:50","modified_gmt":"2023-08-03T14:06:50","slug":"prhae-2007-02014","status":"publish","type":"post","link":"https:\/\/progepe.ufpr.br\/portarias\/prhae-2007-02014\/","title":{"rendered":"PORTARIA N\u00ba 02014\/PRHAE, DE 09 DE MAR\u00c7O DE 2007"},"content":{"rendered":"\n<p>O Pr\u00f3-Reitor de Recursos Humanos e Assuntos Estudantis da Universidade Federal do Paran\u00e1, no uso de suas atribui\u00e7\u00f5es, tendo em vista a compet\u00eancia que lhe \u00e9 conferida pela Portaria n\u00ba 2.590, de 26 de setembro de 1997 e considerando o que consta no processo n\u00ba 6552\/07-38<\/p>\n\n\n<p><strong>RESOLVE:<\/strong><\/p>\n\n\n<p>Conceder Aposentadoria Volunt\u00e1ria Integral por Tempo de Contribui\u00e7\u00e3o, nos termos do Art. 3o da Emenda Constitucional n\u00ba 41 de 31.12.03, \u00e0 servidora CARMA IGNEZ ALVES DE LARA \u2013 053643, lotada no Departamento de Solos e Engenharia Agr\u00edcola do Setor de Ci\u00eancias Agr\u00e1rias, ocupante da categoria funcional de Auxiliar Administrativo, n\u00edvel C-1, padr\u00e3o 16, no regime de 40 (quarenta) horas semanais, com o vencimento do mencionado cargo, mais a Gratifica\u00e7\u00e3o Adicional por Tempo de Servi\u00e7o, prevista no Art. 67 da Lei n\u00ba 8.112\/90, no \u00edndice de 25 (vinte e cinco por cento), calculada sobre o vencimento b\u00e1sico, mais a Vantagem Pecuni\u00e1ria Individual, Lei n\u00ba 10.698\/03 de 02.07.03, DOU de 03.07.03.<\/p><p><\/p>\n\n\n<div style=\"height:15px\" aria-hidden=\"true\" class=\"wp-block-spacer\"><\/div>\n\n\n<div class=\"wp-block-buttons is-content-justification-right is-layout-flex wp-container-core-buttons-is-layout-1 wp-block-buttons-is-layout-flex\">\n<div class=\"wp-block-button has-custom-font-size is-style-outline has-small-font-size is-style-outline--1\"><a class=\"wp-block-button__link\" href=\"https:\/\/progepe.ufpr.br\/portarias\/wp-content\/uploads\/pcp\/PRHAE\/2007\/2014PR.pdf\" style=\"border-radius:0px\" target=\"_blank\" rel=\"noreferrer noopener\">Acesse o arquivo da portaria<\/a><\/div><\/div>\n","protected":false},"excerpt":{"rendered":"<p>Conceder Aposentadoria Volunt\u00e1ria Integral por Tempo de Contribui\u00e7\u00e3o, nos termos do Art. 3o da Emenda Constitucional n\u00ba 41 de 31.12.03, \u00e0 servidora CARMA IGNEZ ALVES DE LARA \u2013 053643, lotada no Departamento de Solos e Engenharia Agr\u00edcola do Setor de Ci\u00eancias Agr\u00e1rias, ocupante da categoria funcional de Auxiliar Administrativo, n\u00edvel C-1, padr\u00e3o 16, no regime de 40 (quarenta) horas semanais, com o vencimento do mencionado cargo, mais a Gratifica\u00e7\u00e3o Adicional por Tempo de Servi\u00e7o, prevista no Art. 67 da Lei n\u00ba 8.112\/90, no \u00edndice de 25 (vinte e cinco por cento), calculada sobre o vencimento b\u00e1sico, mais a<\/p>\n","protected":false},"author":41,"featured_media":0,"comment_status":"closed","ping_status":"closed","sticky":false,"template":"wp-custom-template-emissao-entre-01-05-2004-ate-30-06-2017","format":"standard","meta":{"_acf_changed":false,"iawp_total_views":0,"footnotes":""},"categories":[232],"tags":[],"class_list":["post-185226","post","type-post","status-publish","format-standard","hentry","category-prhae"],"acf":[],"_links":{"self":[{"href":"https:\/\/progepe.ufpr.br\/portarias\/wp-json\/wp\/v2\/posts\/185226","targetHints":{"allow":["GET"]}}],"collection":[{"href":"https:\/\/progepe.ufpr.br\/portarias\/wp-json\/wp\/v2\/posts"}],"about":[{"href":"https:\/\/progepe.ufpr.br\/portarias\/wp-json\/wp\/v2\/types\/post"}],"author":[{"embeddable":true,"href":"https:\/\/progepe.ufpr.br\/portarias\/wp-json\/wp\/v2\/users\/41"}],"replies":[{"embeddable":true,"href":"https:\/\/progepe.ufpr.br\/portarias\/wp-json\/wp\/v2\/comments?post=185226"}],"version-history":[{"count":1,"href":"https:\/\/progepe.ufpr.br\/portarias\/wp-json\/wp\/v2\/posts\/185226\/revisions"}],"predecessor-version":[{"id":223328,"href":"https:\/\/progepe.ufpr.br\/portarias\/wp-json\/wp\/v2\/posts\/185226\/revisions\/223328"}],"wp:attachment":[{"href":"https:\/\/progepe.ufpr.br\/portarias\/wp-json\/wp\/v2\/media?parent=185226"}],"wp:term":[{"taxonomy":"category","embeddable":true,"href":"https:\/\/progepe.ufpr.br\/portarias\/wp-json\/wp\/v2\/categories?post=185226"},{"taxonomy":"post_tag","embeddable":true,"href":"https:\/\/progepe.ufpr.br\/portarias\/wp-json\/wp\/v2\/tags?post=185226"}],"curies":[{"name":"wp","href":"https:\/\/api.w.org\/{rel}","templated":true}]}}