{"id":185227,"date":"2007-03-09T10:25:00","date_gmt":"2007-03-09T13:25:00","guid":{"rendered":"http:\/\/progepe.ufpr.br\/portarias\/prhae-2007-02015\/"},"modified":"2023-08-03T11:06:50","modified_gmt":"2023-08-03T14:06:50","slug":"prhae-2007-02015","status":"publish","type":"post","link":"https:\/\/progepe.ufpr.br\/portarias\/prhae-2007-02015\/","title":{"rendered":"PORTARIA N\u00ba 02015\/PRHAE, DE 09 DE MAR\u00c7O DE 2007"},"content":{"rendered":"\n<p>O Pr\u00f3-Reitor de Recursos Humanos e Assuntos Estudantis da Universidade Federal do Paran\u00e1, no uso de suas atribui\u00e7\u00f5es, tendo em vista a compet\u00eancia que lhe \u00e9 conferida pela Portaria n\u00ba 2.590, de 26 de setembro de 1997 e o que consta nos termos dos artigos 215 a 225, da Lei n\u00ba 8.112\/90 e considerando o que consta no processo n\u00ba 6398\/07-02,<\/p>\n\n\n<p><strong>RESOLVE:<\/strong><\/p>\n\n\n<p>Conceder Benef\u00edcio de Pens\u00e3o Vital\u00edcia, a partir de 06.02.2007, data do falecimento de LUIZ CARLOS LEAL \u2013 082406, nos termos do Art. 217, inciso I, al\u00ednea c e inciso II, al\u00ednea a, da Lei n\u00ba 8.112\/90, a companheira SELMA VALQUIRIA GOMES DA SILVA e ao filho LUIZ HENRIQUE DA SILVA LEAL, calculado com base nos vencimentos percebidos pelo ex-servidor, na categoria funcional de Motorista, n\u00edvel de classifica\u00e7\u00e3o C, n\u00edvel de capacita\u00e7\u00e3o I, padr\u00e3o de vencimento 12, em regime de 40 (quarenta) horas semanais, na forma preceituada no \u00a7 7\u00ba do Art. 40 da E.C. 41\/03 c\/c \u00a7 2\u00ba e 18\u00ba da Lei n\u00ba 10.887\/2004.<\/p><p><\/p>\n\n\n<div style=\"height:15px\" aria-hidden=\"true\" class=\"wp-block-spacer\"><\/div>\n\n\n<div class=\"wp-block-buttons is-content-justification-right is-layout-flex wp-container-core-buttons-is-layout-1 wp-block-buttons-is-layout-flex\">\n<div class=\"wp-block-button has-custom-font-size is-style-outline has-small-font-size is-style-outline--1\"><a class=\"wp-block-button__link\" href=\"https:\/\/progepe.ufpr.br\/portarias\/wp-content\/uploads\/pcp\/PRHAE\/2007\/2015PR.pdf\" style=\"border-radius:0px\" target=\"_blank\" rel=\"noreferrer noopener\">Acesse o arquivo da portaria<\/a><\/div><\/div>\n","protected":false},"excerpt":{"rendered":"<p>Conceder Benef\u00edcio de Pens\u00e3o Vital\u00edcia, a partir de 06.02.2007, data do falecimento de LUIZ CARLOS LEAL \u2013 082406, nos termos do Art. 217, inciso I, al\u00ednea c e inciso II, al\u00ednea a, da Lei n\u00ba 8.112\/90, a companheira SELMA VALQUIRIA GOMES DA SILVA e ao filho LUIZ HENRIQUE DA SILVA LEAL, calculado com base nos vencimentos percebidos pelo ex-servidor, na categoria funcional de Motorista, n\u00edvel de classifica\u00e7\u00e3o C, n\u00edvel de capacita\u00e7\u00e3o I, padr\u00e3o de vencimento 12, em regime de 40 (quarenta) horas semanais, na forma preceituada no \u00a7 7\u00ba do Art. 40 da E.C. 41\/03 c\/c \u00a7 2\u00ba<\/p>\n","protected":false},"author":41,"featured_media":0,"comment_status":"closed","ping_status":"closed","sticky":false,"template":"wp-custom-template-emissao-entre-01-05-2004-ate-30-06-2017","format":"standard","meta":{"_acf_changed":false,"iawp_total_views":0,"footnotes":""},"categories":[232],"tags":[],"class_list":["post-185227","post","type-post","status-publish","format-standard","hentry","category-prhae"],"acf":[],"_links":{"self":[{"href":"https:\/\/progepe.ufpr.br\/portarias\/wp-json\/wp\/v2\/posts\/185227","targetHints":{"allow":["GET"]}}],"collection":[{"href":"https:\/\/progepe.ufpr.br\/portarias\/wp-json\/wp\/v2\/posts"}],"about":[{"href":"https:\/\/progepe.ufpr.br\/portarias\/wp-json\/wp\/v2\/types\/post"}],"author":[{"embeddable":true,"href":"https:\/\/progepe.ufpr.br\/portarias\/wp-json\/wp\/v2\/users\/41"}],"replies":[{"embeddable":true,"href":"https:\/\/progepe.ufpr.br\/portarias\/wp-json\/wp\/v2\/comments?post=185227"}],"version-history":[{"count":1,"href":"https:\/\/progepe.ufpr.br\/portarias\/wp-json\/wp\/v2\/posts\/185227\/revisions"}],"predecessor-version":[{"id":223329,"href":"https:\/\/progepe.ufpr.br\/portarias\/wp-json\/wp\/v2\/posts\/185227\/revisions\/223329"}],"wp:attachment":[{"href":"https:\/\/progepe.ufpr.br\/portarias\/wp-json\/wp\/v2\/media?parent=185227"}],"wp:term":[{"taxonomy":"category","embeddable":true,"href":"https:\/\/progepe.ufpr.br\/portarias\/wp-json\/wp\/v2\/categories?post=185227"},{"taxonomy":"post_tag","embeddable":true,"href":"https:\/\/progepe.ufpr.br\/portarias\/wp-json\/wp\/v2\/tags?post=185227"}],"curies":[{"name":"wp","href":"https:\/\/api.w.org\/{rel}","templated":true}]}}