{"id":185351,"date":"2007-03-23T10:15:00","date_gmt":"2007-03-23T13:15:00","guid":{"rendered":"http:\/\/progepe.ufpr.br\/portarias\/prhae-2007-02139\/"},"modified":"2023-08-03T11:06:59","modified_gmt":"2023-08-03T14:06:59","slug":"prhae-2007-02139","status":"publish","type":"post","link":"https:\/\/progepe.ufpr.br\/portarias\/prhae-2007-02139\/","title":{"rendered":"PORTARIA N\u00ba 02139\/PRHAE, DE 23 DE MAR\u00c7O DE 2007"},"content":{"rendered":"\n<p>O Pr\u00f3-Reitor de Recursos Humanos e Assuntos Estudantis da Universidade Federal do Paran\u00e1, no uso de suas atribui\u00e7\u00f5es, tendo em vista a compet\u00eancia que lhe \u00e9 conferida pela Portaria n\u00ba 2.590, de 26 de setembro de 1997 e considerando o que consta no processo n\u00ba 12282\/07-02<\/p>\n\n\n<p><strong>RESOLVE:<\/strong><\/p>\n\n\n<p>Conceder Aposentadoria Volunt\u00e1ria por Idade, nos termos do Art.<\/p><p> 40, \u00a7 1\u00ba, inciso III, al\u00ednea b da Constitui\u00e7\u00e3o Federal, alterado pela Emenda Constitucional n\u00ba 41 de 31.12.2003, combinado com a art. 1\u00ba \u00a7 1\u00ba da Lei n\u00ba 10.887 de 18.06.2004, ao docente JOSE CARLOS MICELI \u2013 070653, nascido em 22.08.1941, lotado no Departamento Medicina Forense e Psiquiatria do Setor de Ci\u00eancias da Sa\u00fade, ocupante do cargo de Professor Assistente, n\u00edvel IV, no regime de trabalho de 40 (quarenta) horas semanais, com proventos proporcionais ao tempo de contribui\u00e7\u00e3o, calculados sobre a m\u00e9dia das remunera\u00e7\u00f5es utilizadas como base para as contribui\u00e7\u00f5es aos regimes de previd\u00eancia.<\/p><p><\/p>\n\n\n<div style=\"height:15px\" aria-hidden=\"true\" class=\"wp-block-spacer\"><\/div>\n\n\n<div class=\"wp-block-buttons is-content-justification-right is-layout-flex wp-container-core-buttons-is-layout-1 wp-block-buttons-is-layout-flex\">\n<div class=\"wp-block-button has-custom-font-size is-style-outline has-small-font-size is-style-outline--1\"><a class=\"wp-block-button__link\" href=\"https:\/\/progepe.ufpr.br\/portarias\/wp-content\/uploads\/pcp\/PRHAE\/2007\/2139PR.pdf\" style=\"border-radius:0px\" target=\"_blank\" rel=\"noreferrer noopener\">Acesse o arquivo da portaria<\/a><\/div><\/div>\n","protected":false},"excerpt":{"rendered":"<p>Conceder Aposentadoria Volunt\u00e1ria por Idade, nos termos do Art. 40, \u00a7 1\u00ba, inciso III, al\u00ednea b da Constitui\u00e7\u00e3o Federal, alterado pela Emenda Constitucional n\u00ba 41 de 31.12.2003, combinado com a art. 1\u00ba \u00a7 1\u00ba da Lei n\u00ba 10.887 de 18.06.2004, ao docente JOSE CARLOS MICELI \u2013 070653, nascido em 22.08.1941, lotado no Departamento Medicina Forense e Psiquiatria do Setor de Ci\u00eancias da Sa\u00fade, ocupante do cargo de Professor Assistente, n\u00edvel IV, no regime de trabalho de 40 (quarenta) horas semanais, com proventos proporcionais ao tempo de contribui\u00e7\u00e3o, calculados sobre a m\u00e9dia das remunera\u00e7\u00f5es utilizadas como base para as<\/p>\n","protected":false},"author":41,"featured_media":0,"comment_status":"closed","ping_status":"closed","sticky":false,"template":"wp-custom-template-emissao-entre-01-05-2004-ate-30-06-2017","format":"standard","meta":{"_acf_changed":false,"iawp_total_views":0,"footnotes":""},"categories":[232],"tags":[],"class_list":["post-185351","post","type-post","status-publish","format-standard","hentry","category-prhae"],"acf":[],"_links":{"self":[{"href":"https:\/\/progepe.ufpr.br\/portarias\/wp-json\/wp\/v2\/posts\/185351","targetHints":{"allow":["GET"]}}],"collection":[{"href":"https:\/\/progepe.ufpr.br\/portarias\/wp-json\/wp\/v2\/posts"}],"about":[{"href":"https:\/\/progepe.ufpr.br\/portarias\/wp-json\/wp\/v2\/types\/post"}],"author":[{"embeddable":true,"href":"https:\/\/progepe.ufpr.br\/portarias\/wp-json\/wp\/v2\/users\/41"}],"replies":[{"embeddable":true,"href":"https:\/\/progepe.ufpr.br\/portarias\/wp-json\/wp\/v2\/comments?post=185351"}],"version-history":[{"count":1,"href":"https:\/\/progepe.ufpr.br\/portarias\/wp-json\/wp\/v2\/posts\/185351\/revisions"}],"predecessor-version":[{"id":223453,"href":"https:\/\/progepe.ufpr.br\/portarias\/wp-json\/wp\/v2\/posts\/185351\/revisions\/223453"}],"wp:attachment":[{"href":"https:\/\/progepe.ufpr.br\/portarias\/wp-json\/wp\/v2\/media?parent=185351"}],"wp:term":[{"taxonomy":"category","embeddable":true,"href":"https:\/\/progepe.ufpr.br\/portarias\/wp-json\/wp\/v2\/categories?post=185351"},{"taxonomy":"post_tag","embeddable":true,"href":"https:\/\/progepe.ufpr.br\/portarias\/wp-json\/wp\/v2\/tags?post=185351"}],"curies":[{"name":"wp","href":"https:\/\/api.w.org\/{rel}","templated":true}]}}