{"id":185453,"date":"2007-04-02T10:04:00","date_gmt":"2007-04-02T13:04:00","guid":{"rendered":"http:\/\/progepe.ufpr.br\/portarias\/prhae-2007-02241\/"},"modified":"2023-08-03T11:07:07","modified_gmt":"2023-08-03T14:07:07","slug":"prhae-2007-02241","status":"publish","type":"post","link":"https:\/\/progepe.ufpr.br\/portarias\/prhae-2007-02241\/","title":{"rendered":"PORTARIA N\u00ba 02241\/PRHAE, DE 02 DE ABRIL DE 2007"},"content":{"rendered":"\n<p>O Pr\u00f3-Reitor de Recursos Humanos e Assuntos Estudantis da Universidade Federal do Paran\u00e1, no uso de suas atribui\u00e7\u00f5es, tendo em vista a compet\u00eancia que lhe \u00e9 conferida pela Portaria n\u00ba 2.590, de 26 de setembro de 1997 e considerando o que consta no artigo 103, inciso V da Lei n\u00ba 8.112\/90 e ainda o contido no processo n\u00ba 9676\/07-75,<\/p>\n\n\n<p><strong>RESOLVE:<\/strong><\/p>\n\n\n<p>I. Averbar, a partir de 07 de mar\u00e7o de 2007, para fins de aposentadoria e disponibilidade, o tempo de servi\u00e7o prestado a Associa\u00e7\u00e3o Beneficente Nossa Senhora da Imaculada Concei\u00e7\u00e3o, no per\u00edodo de 20.01.1981 a 31.07.1983, no total de 922 (novecentos e vinte e dois) dias; Santa Catarina Departamento Aut\u00f4nomo de Sa\u00fade P\u00fablica, no per\u00edodo de 18.10.1983 a 28.06.1985, no total de 620 (seiscentos e vinte) dias; e, Aut\u00f4nomo, no per\u00edodo de 01.12.1996 a 01.09.1997, no total de 275 (duzentos e setenta e cinco) dias, em favor do professor RICARDO CARLINI &#8211; 152293, classe Auxiliar, lotado no Departamento de Sa\u00fade Comunit\u00e1ria do Setor de Ci\u00eancias da Sa\u00fade.<\/p><p> II. Averbar, a partir da mesma data, para fins de aposentadoria especial e disponibilidade, o tempo de servi\u00e7o prestado a Associa\u00e7\u00e3o Brasileira de Educa\u00e7\u00e3o e Cultura &#8211; ABEC, no per\u00edodo de 01.03.1973 a 08.04.1977, no total de 1498 (mil quatrocentos e noventa e oito) dias, em favor do citado docente.<\/p><p><\/p>\n\n\n<div style=\"height:15px\" aria-hidden=\"true\" class=\"wp-block-spacer\"><\/div>\n\n\n<div class=\"wp-block-buttons is-content-justification-right is-layout-flex wp-container-core-buttons-is-layout-1 wp-block-buttons-is-layout-flex\">\n<div class=\"wp-block-button has-custom-font-size is-style-outline has-small-font-size is-style-outline--1\"><a class=\"wp-block-button__link\" href=\"https:\/\/progepe.ufpr.br\/portarias\/wp-content\/uploads\/pcp\/PRHAE\/2007\/2241PR.pdf\" style=\"border-radius:0px\" target=\"_blank\" rel=\"noreferrer noopener\">Acesse o arquivo da portaria<\/a><\/div><\/div>\n","protected":false},"excerpt":{"rendered":"<p>I. Averbar, a partir de 07 de mar\u00e7o de 2007, para fins de aposentadoria e disponibilidade, o tempo de servi\u00e7o prestado a Associa\u00e7\u00e3o Beneficente Nossa Senhora da Imaculada Concei\u00e7\u00e3o, no per\u00edodo de 20.01.1981 a 31.07.1983, no total de 922 (novecentos e vinte e dois) dias; Santa Catarina Departamento Aut\u00f4nomo de Sa\u00fade P\u00fablica, no per\u00edodo de 18.10.1983 a 28.06.1985, no total de 620 (seiscentos e vinte) dias; e, Aut\u00f4nomo, no per\u00edodo de 01.12.1996 a 01.09.1997, no total de 275 (duzentos e setenta e cinco) dias, em favor do professor RICARDO CARLINI &#8211; 152293, classe Auxiliar, lotado no Departamento de<\/p>\n","protected":false},"author":41,"featured_media":0,"comment_status":"closed","ping_status":"closed","sticky":false,"template":"wp-custom-template-emissao-entre-01-05-2004-ate-30-06-2017","format":"standard","meta":{"_acf_changed":false,"iawp_total_views":0,"footnotes":""},"categories":[232],"tags":[],"class_list":["post-185453","post","type-post","status-publish","format-standard","hentry","category-prhae"],"acf":[],"_links":{"self":[{"href":"https:\/\/progepe.ufpr.br\/portarias\/wp-json\/wp\/v2\/posts\/185453","targetHints":{"allow":["GET"]}}],"collection":[{"href":"https:\/\/progepe.ufpr.br\/portarias\/wp-json\/wp\/v2\/posts"}],"about":[{"href":"https:\/\/progepe.ufpr.br\/portarias\/wp-json\/wp\/v2\/types\/post"}],"author":[{"embeddable":true,"href":"https:\/\/progepe.ufpr.br\/portarias\/wp-json\/wp\/v2\/users\/41"}],"replies":[{"embeddable":true,"href":"https:\/\/progepe.ufpr.br\/portarias\/wp-json\/wp\/v2\/comments?post=185453"}],"version-history":[{"count":1,"href":"https:\/\/progepe.ufpr.br\/portarias\/wp-json\/wp\/v2\/posts\/185453\/revisions"}],"predecessor-version":[{"id":223555,"href":"https:\/\/progepe.ufpr.br\/portarias\/wp-json\/wp\/v2\/posts\/185453\/revisions\/223555"}],"wp:attachment":[{"href":"https:\/\/progepe.ufpr.br\/portarias\/wp-json\/wp\/v2\/media?parent=185453"}],"wp:term":[{"taxonomy":"category","embeddable":true,"href":"https:\/\/progepe.ufpr.br\/portarias\/wp-json\/wp\/v2\/categories?post=185453"},{"taxonomy":"post_tag","embeddable":true,"href":"https:\/\/progepe.ufpr.br\/portarias\/wp-json\/wp\/v2\/tags?post=185453"}],"curies":[{"name":"wp","href":"https:\/\/api.w.org\/{rel}","templated":true}]}}