{"id":18834,"date":"2019-11-28T10:00:00","date_gmt":"2019-11-28T13:00:00","guid":{"rendered":"http:\/\/progepe.ufpr.br\/portal\/?post_type=portarias&#038;p=18834"},"modified":"2023-08-03T12:51:42","modified_gmt":"2023-08-03T15:51:42","slug":"progepe-2019-04801","status":"publish","type":"post","link":"https:\/\/progepe.ufpr.br\/portarias\/progepe-2019-04801\/","title":{"rendered":"PORTARIA N\u00ba 04801\/PROGEPE, DE 28 DE NOVEMBRO DE 2019"},"content":{"rendered":"\n<p><strong>O Pr\u00f3-Reitor de Gest\u00e3o de Pessoas da Universidade Federal do Paran\u00e1,<\/strong> no uso de\nsuas atribui\u00e7\u00f5es, tendo em vista a compet\u00eancia que lhe \u00e9 conferida pela\nPortaria n\u00ba 2.590, de 26 de setembro de 1997 e considerando o que consta no\nprocesso n\u00ba 23075.083205\/2019-62,<\/p>\n\n\n\n<p>RESOLVE:<\/p>\n\n\n\n<p>Designar,\ntendo em vista o Edital n\u00ba 15\/2019-PROGEPE\/CDP, comiss\u00e3o de\nsele\u00e7\u00e3o e recurso, referente ao processo seletivo para classifica\u00e7\u00e3o dos(as)\nservidores(as) da carreira T\u00e9cnico-Administrativo em Educa\u00e7\u00e3o interessados em\nsolicitar afastamento integral para participa\u00e7\u00e3o em Programa de P\u00f3s-Gradua\u00e7\u00e3o <em>Stricto Sensu<\/em> ou P\u00f3s-Doutorado, os\nseguintes integrantes:<\/p>\n\n\n\n<p><strong>Comiss\u00e3o\nde Processo Seletivo<\/strong><\/p>\n\n\n\n<p>SARAH\nMENON DOMINGOS DO NASCIMENTO &#8211; 3029868<\/p>\n\n\n\n<p>CLAUDETE\nGUIMAR\u00c3ES DA SILVA &#8211; 3834012<\/p>\n\n\n\n<p>PRISCILLA\nTOPOROWICZ DIDIMO &#8211; 1736967<\/p>\n\n\n\n<p>GABRIEL\nSALCEDO GOVONI &#8211; 2408954<\/p>\n\n\n\n<p>DOUGLAS\nSCHORR &#8211; 1213004<\/p>\n\n\n\n<p><strong>Comiss\u00e3o\nde Recurso<\/strong><\/p>\n\n\n\n<p>FERNANDA\nADELE ULIANA YOKOHAMA &#8211; 2327172<\/p>\n\n\n\n<p>LUCIANE\nBIMBATTI &#8211; 1828143<\/p>\n\n\n\n<p>RENATO\nBASILIO RODRIGUES JUNIOR &#8211; 3170297<\/p>\n\n\n\n<p style=\"text-align:right\">Douglas\nOrtiz Hamermuller<\/p>\n","protected":false},"excerpt":{"rendered":"<p>Designar, tendo em vista o Edital n\u00ba 15\/2019-PROGEPE\/CDP, comiss\u00e3o de sele\u00e7\u00e3o e recurso, referente ao processo seletivo para classifica\u00e7\u00e3o dos(as) servidores(as) da carreira T\u00e9cnico-Administrativo em Educa\u00e7\u00e3o interessados em solicitar afastamento integral para participa\u00e7\u00e3o em Programa de P\u00f3s-Gradua\u00e7\u00e3o <em>Stricto Sensu<\/em> ou P\u00f3s-Doutorado, os seguintes integrantes:  <strong>Comiss\u00e3o de Processo Seletivo<\/strong>  SARAH MENON DOMINGOS DO NASCIMENTO &#8211; 3029868  CLAUDETE GUIMAR\u00c3ES DA SILVA &#8211; 3834012  PRISCILLA TOPOROWICZ DIDIMO &#8211; 1736967  GABRIEL SALCEDO GOVONI &#8211; 2408954  DOUGLAS SCHORR &#8211; 1213004  <strong>Comiss\u00e3o de Recurso<\/strong>  FERNANDA ADELE ULIANA YOKOHAMA &#8211; 2327172  LUCIANE BIMBATTI &#8211; 1828143<\/p>\n","protected":false},"author":49,"featured_media":0,"comment_status":"closed","ping_status":"closed","sticky":false,"template":"","format":"standard","meta":{"_acf_changed":false,"iawp_total_views":5,"footnotes":""},"categories":[116],"tags":[124],"class_list":["post-18834","post","type-post","status-publish","format-standard","hentry","category-progepe","tag-comissao"],"acf":[],"_links":{"self":[{"href":"https:\/\/progepe.ufpr.br\/portarias\/wp-json\/wp\/v2\/posts\/18834","targetHints":{"allow":["GET"]}}],"collection":[{"href":"https:\/\/progepe.ufpr.br\/portarias\/wp-json\/wp\/v2\/posts"}],"about":[{"href":"https:\/\/progepe.ufpr.br\/portarias\/wp-json\/wp\/v2\/types\/post"}],"author":[{"embeddable":true,"href":"https:\/\/progepe.ufpr.br\/portarias\/wp-json\/wp\/v2\/users\/49"}],"replies":[{"embeddable":true,"href":"https:\/\/progepe.ufpr.br\/portarias\/wp-json\/wp\/v2\/comments?post=18834"}],"version-history":[{"count":1,"href":"https:\/\/progepe.ufpr.br\/portarias\/wp-json\/wp\/v2\/posts\/18834\/revisions"}],"predecessor-version":[{"id":191563,"href":"https:\/\/progepe.ufpr.br\/portarias\/wp-json\/wp\/v2\/posts\/18834\/revisions\/191563"}],"wp:attachment":[{"href":"https:\/\/progepe.ufpr.br\/portarias\/wp-json\/wp\/v2\/media?parent=18834"}],"wp:term":[{"taxonomy":"category","embeddable":true,"href":"https:\/\/progepe.ufpr.br\/portarias\/wp-json\/wp\/v2\/categories?post=18834"},{"taxonomy":"post_tag","embeddable":true,"href":"https:\/\/progepe.ufpr.br\/portarias\/wp-json\/wp\/v2\/tags?post=18834"}],"curies":[{"name":"wp","href":"https:\/\/api.w.org\/{rel}","templated":true}]}}