{"id":19188,"date":"2019-12-04T20:00:00","date_gmt":"2019-12-04T23:00:00","guid":{"rendered":"http:\/\/progepe.ufpr.br\/portal\/?post_type=portarias&#038;p=19188"},"modified":"2023-08-03T11:03:08","modified_gmt":"2023-08-03T14:03:08","slug":"dd-2019-00581","status":"publish","type":"post","link":"https:\/\/progepe.ufpr.br\/portarias\/dd-2019-00581\/","title":{"rendered":"PORTARIA N\u00ba 00581\/DD, DE 04 DE DEZEMBRO DE 2019"},"content":{"rendered":"\n<p><strong>O Diretor Disciplinar da\nUniversidade Federal do Paran\u00e1, <\/strong>no uso de suas atribui\u00e7\u00f5es, tendo em\nvista a compet\u00eancia que lhe \u00e9 conferida pela Portaria n\u00ba 593\/REITORIA, de 28 de\nagosto de 2017, o disposto nos artigos 143, 148, 149 e 152 da Lei n\u00ba 8.112, de\n11 de dezembro de 1990, e o que consta no Processo 23075.211998\/2017-54, &nbsp;<\/p>\n\n\n\n<p>RESOLVE:<\/p>\n\n\n\n<ol class=\"wp-block-list\"><li>Sobrestar\no Processo 23075.211998\/2017-54, de 5 de dezembro de 2019 at\u00e9 7 de fevereiro de\n2020, em fun\u00e7\u00e3o do gozo de f\u00e9rias dos membros da Comiss\u00e3o de Processo\nAdministrativo Disciplinar, designada pela Portaria n\u00ba 412\/DD, de 28 de junho\nde 2019, prorrogada pela Portaria 533\/DD, de 4 de outubro de 2019.<\/li><li>Designar as\nservidoras ANA PAULA MUSSI SZABO CHEROBIM \u2014 1154581, Professora do Magist\u00e9rio\nSuperior, lotada no Departamento de Administra\u00e7\u00e3o Geral e Aplicada do Setor de Ci\u00eancias\nSociais Aplicadas; ROSANA MOREIRA DA ROCHA \u2014 1169988, Professora do Magist\u00e9rio\nSuperior, lotada no Departamento de Zoologia do Setor de Ci\u00eancias Biol\u00f3gicas; e\nPAULO ROSSI JUNIOR \u2014 1217884, Professor do Magist\u00e9rio Superior, lotado no\nDepartamento de Zootecnia do Setor de Ci\u00eancias Agr\u00e1rias, para, sob a\npresid\u00eancia da primeira, constitu\u00edrem Comiss\u00e3o de Processo Administrativo\nDisciplinar, com vistas a dar continuidade, no prazo de 60 (sessenta) dias, a\ncontar de 8 de fevereiro de 2020, aos trabalhos de apura\u00e7\u00e3o dos fatos de que trata\no Processo 23075.211998\/2017-54, com aproveitamento de todos os atos praticados\ne provas colhidas at\u00e9 o presente momento, bem como proceder ao exame dos atos e\nfatos conexos que emergirem no decorrer dos trabalhos.<\/li><\/ol>\n\n\n\n<p style=\"text-align:right\">MANOEL\nROBERTO SILVA DE SOUZA<\/p>\n\n\n\n<p style=\"text-align:right\">Diretor\nDisciplinar<\/p>\n","protected":false},"excerpt":{"rendered":"<p><!-- wp:list {\"ordered\":true} \n\n<ol>\n\n<li>Sobrestar o Processo 23075.211998\/2017-54, de 5 de dezembro de 2019 at\u00e9 7 de fevereiro de 2020, em fun\u00e7\u00e3o do gozo de f\u00e9rias dos membros da Comiss\u00e3o de Processo Administrativo Disciplinar, designada pela Portaria n\u00ba 412\/DD, de 28 de junho de 2019, prorrogada pela Portaria 533\/DD, de 4 de outubro de 2019.<\/li>\n\n\n\n<li>Designar as servidoras ANA PAULA MUSSI SZABO CHEROBIM \u2014 1154581, Professora do Magist\u00e9rio Superior, lotada no Departamento de Administra\u00e7\u00e3o Geral e Aplicada do Setor de Ci\u00eancias Sociais Aplicadas; ROSANA MOREIRA DA ROCHA \u2014 1169988, Professora do Magist\u00e9rio Superior, lotada no Departamento de Zoologia do Setor\n<\/p>\n","protected":false},"author":12,"featured_media":0,"comment_status":"closed","ping_status":"closed","sticky":false,"template":"","format":"standard","meta":{"_acf_changed":false,"iawp_total_views":0,"footnotes":""},"categories":[118],"tags":[132],"class_list":["post-19188","post","type-post","status-publish","format-standard","hentry","category-dd","tag-pad-sindicancia"],"acf":[],"_links":{"self":[{"href":"https:\/\/progepe.ufpr.br\/portarias\/wp-json\/wp\/v2\/posts\/19188","targetHints":{"allow":["GET"]}}],"collection":[{"href":"https:\/\/progepe.ufpr.br\/portarias\/wp-json\/wp\/v2\/posts"}],"about":[{"href":"https:\/\/progepe.ufpr.br\/portarias\/wp-json\/wp\/v2\/types\/post"}],"author":[{"embeddable":true,"href":"https:\/\/progepe.ufpr.br\/portarias\/wp-json\/wp\/v2\/users\/12"}],"replies":[{"embeddable":true,"href":"https:\/\/progepe.ufpr.br\/portarias\/wp-json\/wp\/v2\/comments?post=19188"}],"version-history":[{"count":2,"href":"https:\/\/progepe.ufpr.br\/portarias\/wp-json\/wp\/v2\/posts\/19188\/revisions"}],"predecessor-version":[{"id":191599,"href":"https:\/\/progepe.ufpr.br\/portarias\/wp-json\/wp\/v2\/posts\/19188\/revisions\/191599"}],"wp:attachment":[{"href":"https:\/\/progepe.ufpr.br\/portarias\/wp-json\/wp\/v2\/media?parent=19188"}],"wp:term":[{"taxonomy":"category","embeddable":true,"href":"https:\/\/progepe.ufpr.br\/portarias\/wp-json\/wp\/v2\/categories?post=19188"},{"taxonomy":"post_tag","embeddable":true,"href":"https:\/\/progepe.ufpr.br\/portarias\/wp-json\/wp\/v2\/tags?post=19188"}],"curies":[{"name":"wp","href":"https:\/\/api.w.org\/{rel}","templated":true}]}}