{"id":19230,"date":"2019-12-04T10:19:00","date_gmt":"2019-12-04T13:19:00","guid":{"rendered":"http:\/\/progepe.ufpr.br\/portal\/?post_type=portarias&#038;p=19230"},"modified":"2023-08-03T12:51:51","modified_gmt":"2023-08-03T15:51:51","slug":"progepe-2019-04873","status":"publish","type":"post","link":"https:\/\/progepe.ufpr.br\/portarias\/progepe-2019-04873\/","title":{"rendered":"PORTARIA N\u00ba 04873\/PROGEPE, DE 04 DE DEZEMBRO DE 2019"},"content":{"rendered":"\n<p><strong>O Pr\u00f3-Reitor de Gest\u00e3o de Pessoas da Universidade Federal do Paran\u00e1,<\/strong>  no uso de suas atribui\u00e7\u00f5es, tendo em vista a compet\u00eancia que lhe \u00e9  conferida pela Portaria n\u00ba 2.590, de 26 de setembro de 1997; o que  consta no Art. 100 e 103 da Lei n\u00ba 8.112\/90 e ainda o contido no  processo n\u00ba 23075.085669\/2019-11, <\/p>\n\n\n\n<p>RESOLVE:<\/p>\n\n\n\n<p>Averbar, a partir de 02 de dezembro de \n2019, em favor do servidor LUIS CARLOS DOS SANTOS &#8211; 2368282, ocupante do\n cargo de Diretor de Fotografia, lotado no Departamento de Comunica\u00e7\u00e3o \nSocial do Setor de Artes, Comunica\u00e7\u00e3o e Design, o tempo de servi\u00e7o \nabaixo listado, para fins de:<\/p>\n\n\n\n<p>Aposentadoria e disponibilidade:<\/p>\n\n\n\n<table class=\"wp-block-table\"><tbody><tr><td>\n\t\t\tEMPRESA\n\t\t\t<\/td><td>\n\t\t\tPER\u00cdODO\n\t\t\t<\/td><td>\n\t\t\tTOTAL DE DIAS\n\t\t\t<\/td><\/tr><tr><td>\n\t\t\tSID INFORMATICA S\/A\n\t\t\t<\/td><td>\n\t\t\t07\/05\/1985 a 02\/06\/1986\n\t\t\t<\/td><td>\n\t\t\t392\n\t\t\t<\/td><\/tr><tr><td>\n\t\t\tDENSO DO BRASIL LTDA\n\t\t\t<\/td><td>\n\t\t\t25\/11\/1986 a 05\/01\/1987\n\t\t\t<\/td><td>\n\t\t\t42\n\t\t\t<\/td><\/tr><tr><td>\n\t\t\tDISTEC ELETRONICA LTDA\n\t\t\t<\/td><td>\n\t\t\t01\/05\/1987 a 23\/09\/1987\n\t\t\t<\/td><td>\n\t\t\t146\n\t\t\t<\/td><\/tr><tr><td>\n\t\t\tSID INFORMATICA S\/A\n\t\t\t<\/td><td>\n\t\t\t01\/10\/1987 a 14\/05\/1992\n\t\t\t<\/td><td>\n\t\t\t1688\n\t\t\t<\/td><\/tr><tr><td>\n\t\t\tSID INFORMATICA S\/A\n\t\t\t<\/td><td>\n\t\t\t14\/09\/1993 a 30\/11\/1995&nbsp;\n\t\t\t<\/td><td>\n\t\t\t808\n\t\t\t<\/td><\/tr><tr><td>\n\t\t\tSTC TELECOMUNICACOES LTDA\n\t\t\t<\/td><td>\n\t\t\t01\/12\/1995 a 30\/11\/1996\n\t\t\t<\/td><td>\n\t\t\t366\n\t\t\t<\/td><\/tr><tr><td>\n\t\t\tSTC SISTEMAS E TELECOMUNICACOES LTDA&nbsp;\n\t\t\t<\/td><td>\n\t\t\t01\/12\/1996 a 28\/11\/1997\n\t\t\t<\/td><td>\n\t\t\t363\n\t\t\t<\/td><\/tr><tr><td>\n\t\t\tUNIVERSIDADE FEDERAL DO PARANA\n\t\t\t<\/td><td>\n\t\t\t22\/01\/2003 a 21\/01\/2005\n\t\t\t<\/td><td>\n\t\t\t731\n\t\t\t<\/td><\/tr><tr><td>\n\t\t\tFUNDACAO DA UNIVERSIDADE FEDERAL DO PARANA PARA O DESEN\n\t\t\t<\/td><td>\n\t\t\t03\/02\/2005 a 31\/10\/2007\n\t\t\t<\/td><td>\n\t\t\t1001\n\t\t\t<\/td><\/tr><tr><td>\n\t\t\tCONTRIBUI\u00c7\u00c3O INDIVIDUAL\n\t\t\t<\/td><td>\n\t\t\t01\/11\/2007 a 30\/11\/2007\n\t\t\t<\/td><td>\n\t\t\t30\n\t\t\t<\/td><\/tr><tr><td>\n\t\t\tFUNDACAO DA UNIVERSIDADE FEDERAL DO PARANA PARA O DESEN\n\t\t\t<\/td><td>\n\t\t\t01\/12\/2007 a 04\/02\/2009\n\t\t\t<\/td><td>\n\t\t\t432<\/td><\/tr><\/tbody><\/table>\n\n\n\n<p style=\"text-align:right\"><strong>DOUGLAS ORTIZ HAMERMULLER<\/strong><\/p>\n","protected":false},"excerpt":{"rendered":"<p>Averbar, a partir de 02 de dezembro de 2019, em favor do servidor LUIS CARLOS DOS SANTOS &#8211; 2368282, ocupante do cargo de Diretor de Fotografia, lotado no Departamento de Comunica\u00e7\u00e3o Social do Setor de Artes, Comunica\u00e7\u00e3o e Design, o tempo de servi\u00e7o abaixo listado, para fins de:  Aposentadoria e disponibilidade:  <!-- wp:table \n\n<table class=\"wp-block-table\">\n\n<tbody>\n\n<tr>\n\n<td>  EMPRESA  <\/td>\n\n\n\n<td>  PER\u00cdODO  <\/td>\n\n\n\n<td>  TOTAL DE DIAS  <\/td>\n\n<\/tr>\n\n\n\n<tr>\n\n<td>  SID INFORMATICA S\/A  <\/td>\n\n\n\n<td>  07\/05\/1985 a 02\/06\/1986  <\/td>\n\n\n\n<td>  392  <\/td>\n\n<\/tr>\n\n\n\n<tr>\n\n<td>  DENSO DO BRASIL LTDA  <\/td>\n\n\n\n<td>  25\/11\/1986 a 05\/01\/1987\n<\/p>\n","protected":false},"author":48,"featured_media":0,"comment_status":"closed","ping_status":"closed","sticky":false,"template":"","format":"standard","meta":{"_acf_changed":false,"iawp_total_views":0,"footnotes":""},"categories":[116],"tags":[140],"class_list":["post-19230","post","type-post","status-publish","format-standard","hentry","category-progepe","tag-averbacao-desaverbacao"],"acf":[],"_links":{"self":[{"href":"https:\/\/progepe.ufpr.br\/portarias\/wp-json\/wp\/v2\/posts\/19230","targetHints":{"allow":["GET"]}}],"collection":[{"href":"https:\/\/progepe.ufpr.br\/portarias\/wp-json\/wp\/v2\/posts"}],"about":[{"href":"https:\/\/progepe.ufpr.br\/portarias\/wp-json\/wp\/v2\/types\/post"}],"author":[{"embeddable":true,"href":"https:\/\/progepe.ufpr.br\/portarias\/wp-json\/wp\/v2\/users\/48"}],"replies":[{"embeddable":true,"href":"https:\/\/progepe.ufpr.br\/portarias\/wp-json\/wp\/v2\/comments?post=19230"}],"version-history":[{"count":1,"href":"https:\/\/progepe.ufpr.br\/portarias\/wp-json\/wp\/v2\/posts\/19230\/revisions"}],"predecessor-version":[{"id":191602,"href":"https:\/\/progepe.ufpr.br\/portarias\/wp-json\/wp\/v2\/posts\/19230\/revisions\/191602"}],"wp:attachment":[{"href":"https:\/\/progepe.ufpr.br\/portarias\/wp-json\/wp\/v2\/media?parent=19230"}],"wp:term":[{"taxonomy":"category","embeddable":true,"href":"https:\/\/progepe.ufpr.br\/portarias\/wp-json\/wp\/v2\/categories?post=19230"},{"taxonomy":"post_tag","embeddable":true,"href":"https:\/\/progepe.ufpr.br\/portarias\/wp-json\/wp\/v2\/tags?post=19230"}],"curies":[{"name":"wp","href":"https:\/\/api.w.org\/{rel}","templated":true}]}}