{"id":19281,"date":"2019-12-04T10:13:00","date_gmt":"2019-12-04T13:13:00","guid":{"rendered":"http:\/\/progepe.ufpr.br\/portal\/?post_type=portarias&#038;p=19281"},"modified":"2023-08-03T12:51:50","modified_gmt":"2023-08-03T15:51:50","slug":"progepe-2019-04867","status":"publish","type":"post","link":"https:\/\/progepe.ufpr.br\/portarias\/progepe-2019-04867\/","title":{"rendered":"PORTARIA N\u00ba 04867\/PROGEPE, DE 04 DE DEZEMBRO DE 2019"},"content":{"rendered":"\n<p><strong>O Pr\u00f3-Reitor de Gest\u00e3o de Pessoas da Universidade Federal do Paran\u00e1,<\/strong>  no uso de suas atribui\u00e7\u00f5es, tendo em vista a compet\u00eancia que lhe \u00e9  conferida pela Portaria n\u00ba 2.590, de 26 de setembro de 1997,  considerando o que consta na Resolu\u00e7\u00e3o n\u00ba 10\/2014-CEPE e ainda o que  consta no processo n\u00ba 23075.083684\/2019-17, <\/p>\n\n\n\n<p>RESOLVE:<\/p>\n\n\n\n<p>I. Conceder acelera\u00e7\u00e3o da promo\u00e7\u00e3o \u00e0 \nservidora VICTORIA ZEGHBI COCHENSKI BORBA \u2013 2800353, ocupante do cargo \nde Professor do Magist\u00e9rio Superior, lotada no Departamento de Cl\u00ednica \nM\u00e9dica do Setor de Ci\u00eancias da Sa\u00fade, do n\u00edvel 6-01 da classe A &#8211; \nAdjunto para o n\u00edvel 6-01 da classe C \u2013 Adjunto, a partir de 18 de \nnovembro de 2019.<\/p>\n\n\n\n<p>II. A progress\u00e3o subsequente ser\u00e1 a partir de 18 de novembro de 2021, conforme o \u00a72 do artigo 4\u00ba da resolu\u00e7\u00e3o 10\/14.<\/p>\n\n\n\n<p style=\"text-align:right\"><strong>DOUGLAS ORTIZ HAMERMULLER<\/strong><\/p>\n","protected":false},"excerpt":{"rendered":"<p>I. Conceder acelera\u00e7\u00e3o da promo\u00e7\u00e3o \u00e0 servidora VICTORIA ZEGHBI COCHENSKI BORBA \u2013 2800353, ocupante do cargo de Professor do Magist\u00e9rio Superior, lotada no Departamento de Cl\u00ednica M\u00e9dica do Setor de Ci\u00eancias da Sa\u00fade, do n\u00edvel 6-01 da classe A &#8211; Adjunto para o n\u00edvel 6-01 da classe C \u2013 Adjunto, a partir de 18 de novembro de 2019.  II. A progress\u00e3o subsequente ser\u00e1 a partir de 18 de novembro de 2021, conforme o \u00a72 do artigo 4\u00ba da resolu\u00e7\u00e3o 10\/14.  <!-- wp:paragraph {\"align\":\"right\"} \n\n<p style=\"text-align:right\"><strong>DOUGLAS ORTIZ HAMERMULLER<\/strong>\n<\/p>\n","protected":false},"author":48,"featured_media":0,"comment_status":"closed","ping_status":"closed","sticky":false,"template":"","format":"standard","meta":{"_acf_changed":false,"iawp_total_views":0,"footnotes":""},"categories":[116],"tags":[138],"class_list":["post-19281","post","type-post","status-publish","format-standard","hentry","category-progepe","tag-aceleracao-promocao"],"acf":[],"_links":{"self":[{"href":"https:\/\/progepe.ufpr.br\/portarias\/wp-json\/wp\/v2\/posts\/19281","targetHints":{"allow":["GET"]}}],"collection":[{"href":"https:\/\/progepe.ufpr.br\/portarias\/wp-json\/wp\/v2\/posts"}],"about":[{"href":"https:\/\/progepe.ufpr.br\/portarias\/wp-json\/wp\/v2\/types\/post"}],"author":[{"embeddable":true,"href":"https:\/\/progepe.ufpr.br\/portarias\/wp-json\/wp\/v2\/users\/48"}],"replies":[{"embeddable":true,"href":"https:\/\/progepe.ufpr.br\/portarias\/wp-json\/wp\/v2\/comments?post=19281"}],"version-history":[{"count":1,"href":"https:\/\/progepe.ufpr.br\/portarias\/wp-json\/wp\/v2\/posts\/19281\/revisions"}],"predecessor-version":[{"id":191607,"href":"https:\/\/progepe.ufpr.br\/portarias\/wp-json\/wp\/v2\/posts\/19281\/revisions\/191607"}],"wp:attachment":[{"href":"https:\/\/progepe.ufpr.br\/portarias\/wp-json\/wp\/v2\/media?parent=19281"}],"wp:term":[{"taxonomy":"category","embeddable":true,"href":"https:\/\/progepe.ufpr.br\/portarias\/wp-json\/wp\/v2\/categories?post=19281"},{"taxonomy":"post_tag","embeddable":true,"href":"https:\/\/progepe.ufpr.br\/portarias\/wp-json\/wp\/v2\/tags?post=19281"}],"curies":[{"name":"wp","href":"https:\/\/api.w.org\/{rel}","templated":true}]}}