{"id":19416,"date":"2019-12-04T10:00:00","date_gmt":"2019-12-04T13:00:00","guid":{"rendered":"http:\/\/progepe.ufpr.br\/portal\/?post_type=portarias&#038;p=19416"},"modified":"2023-08-03T12:51:49","modified_gmt":"2023-08-03T15:51:49","slug":"progepe-2019-04854","status":"publish","type":"post","link":"https:\/\/progepe.ufpr.br\/portarias\/progepe-2019-04854\/","title":{"rendered":"PORTARIA N\u00ba 04854\/PROGEPE, DE 04 DE DEZEMBRO DE 2019"},"content":{"rendered":"\n<p><strong>O Pr\u00f3-Reitor de Gest\u00e3o de Pessoas da Universidade Federal do Paran\u00e1<\/strong><strong>,<\/strong> no uso de suas atribui\u00e7\u00f5es, tendo em vista a\ncompet\u00eancia que lhe \u00e9 conferida pela Portaria n\u00ba 2.590, de 26 de setembro de\n1997 e considerando o que consta no processo n\u00ba 23075.709755\/2019-13,<\/p>\n\n\n\n<p>RESOLVE:<\/p>\n\n\n\n<p>Alterar o regime de trabalho de\n40 (quarenta) horas semanais, para 20 (vinte) horas semanais, da servidora\nDANIELA MARIA ROSARIO MARQUES &#8211; 2519164, ocupante do cargo de M\u00e9dica &#8211; \u00c1rea,\nlotada na Se\u00e7\u00e3o de Anestesiologia do Hospital de Cl\u00ednicas, a partir de 04 de\ndezembro de 2019, tendo em vista o que consta no Art. 43 da Lei n\u00ba 12.702\/2012.<\/p>\n\n\n\n<p style=\"text-align:right\">Douglas Ortiz Hamermuller<\/p>\n","protected":false},"excerpt":{"rendered":"<p>Alterar o regime de trabalho de 40 (quarenta) horas semanais, para 20 (vinte) horas semanais, da servidora DANIELA MARIA ROSARIO MARQUES &#8211; 2519164, ocupante do cargo de M\u00e9dica &#8211; \u00c1rea, lotada na Se\u00e7\u00e3o de Anestesiologia do Hospital de Cl\u00ednicas, a partir de 04 de dezembro de 2019, tendo em vista o que consta no Art. 43 da Lei n\u00ba 12.702\/2012.  <!-- wp:paragraph {\"align\":\"right\"} \n\n<p style=\"text-align:right\">Douglas Ortiz Hamermuller\n<\/p>\n","protected":false},"author":49,"featured_media":0,"comment_status":"closed","ping_status":"closed","sticky":false,"template":"","format":"standard","meta":{"_acf_changed":false,"iawp_total_views":0,"footnotes":""},"categories":[116],"tags":[130],"class_list":["post-19416","post","type-post","status-publish","format-standard","hentry","category-progepe","tag-regime-trabalho"],"acf":[],"_links":{"self":[{"href":"https:\/\/progepe.ufpr.br\/portarias\/wp-json\/wp\/v2\/posts\/19416","targetHints":{"allow":["GET"]}}],"collection":[{"href":"https:\/\/progepe.ufpr.br\/portarias\/wp-json\/wp\/v2\/posts"}],"about":[{"href":"https:\/\/progepe.ufpr.br\/portarias\/wp-json\/wp\/v2\/types\/post"}],"author":[{"embeddable":true,"href":"https:\/\/progepe.ufpr.br\/portarias\/wp-json\/wp\/v2\/users\/49"}],"replies":[{"embeddable":true,"href":"https:\/\/progepe.ufpr.br\/portarias\/wp-json\/wp\/v2\/comments?post=19416"}],"version-history":[{"count":1,"href":"https:\/\/progepe.ufpr.br\/portarias\/wp-json\/wp\/v2\/posts\/19416\/revisions"}],"predecessor-version":[{"id":191621,"href":"https:\/\/progepe.ufpr.br\/portarias\/wp-json\/wp\/v2\/posts\/19416\/revisions\/191621"}],"wp:attachment":[{"href":"https:\/\/progepe.ufpr.br\/portarias\/wp-json\/wp\/v2\/media?parent=19416"}],"wp:term":[{"taxonomy":"category","embeddable":true,"href":"https:\/\/progepe.ufpr.br\/portarias\/wp-json\/wp\/v2\/categories?post=19416"},{"taxonomy":"post_tag","embeddable":true,"href":"https:\/\/progepe.ufpr.br\/portarias\/wp-json\/wp\/v2\/tags?post=19416"}],"curies":[{"name":"wp","href":"https:\/\/api.w.org\/{rel}","templated":true}]}}