{"id":19458,"date":"2019-12-06T05:04:00","date_gmt":"2019-12-06T08:04:00","guid":{"rendered":"http:\/\/progepe.ufpr.br\/portal\/?post_type=portarias&#038;p=19458"},"modified":"2023-08-03T13:16:58","modified_gmt":"2023-08-03T16:16:58","slug":"rt-2019-01177","status":"publish","type":"post","link":"https:\/\/progepe.ufpr.br\/portarias\/rt-2019-01177\/","title":{"rendered":"PORTARIA N\u00ba 01177\/REITORIA, DE 05 DE DEZEMBRO DE 2019"},"content":{"rendered":"\n<p><strong>O\nReitor da Universidade Federal do Paran\u00e1, <\/strong>no uso de suas atribui\u00e7\u00f5es e tendo em\nvista o que consta no processo n\u00ba 23075.082859\/2019-79,<\/p>\n\n\n\n<p>RESOLVE:<\/p>\n\n\n\n<p>Tornar sem efeito a Portaria n\u00ba\n1.138\/REITORIA, de 27 de novembro de 2019, que concedeu licen\u00e7a para tratar de\ninteresses particulares, sem remunera\u00e7\u00e3o, para o servidor ARNAUD FRANCIS BONDUELLE\n&#8211; 2322451,\nocupante do cargo de Professor do Magist\u00e9rio Superior, lotado no Setor de\nEduca\u00e7\u00e3o Profissional e Tecnol\u00f3gica, tendo em vista o que consta no processo n\u00ba\n23075.082859\/2019-79.<\/p>\n\n\n\n<p style=\"text-align:right\">Ricardo Marcelo\nFonseca<\/p>\n","protected":false},"excerpt":{"rendered":"<p>Tornar sem efeito a Portaria n\u00ba 1.138\/REITORIA, de 27 de novembro de 2019, que concedeu licen\u00e7a para tratar de interesses particulares, sem remunera\u00e7\u00e3o, para o servidor ARNAUD FRANCIS BONDUELLE &#8211; 2322451, ocupante do cargo de Professor do Magist\u00e9rio Superior, lotado no Setor de Educa\u00e7\u00e3o Profissional e Tecnol\u00f3gica, tendo em vista o que consta no processo n\u00ba 23075.082859\/2019-79.  <!-- wp:paragraph {\"align\":\"right\"} \n\n<p style=\"text-align:right\">Ricardo Marcelo Fonseca\n<\/p>\n","protected":false},"author":49,"featured_media":0,"comment_status":"closed","ping_status":"closed","sticky":false,"template":"","format":"standard","meta":{"_acf_changed":false,"iawp_total_views":0,"footnotes":""},"categories":[117],"tags":[130],"class_list":["post-19458","post","type-post","status-publish","format-standard","hentry","category-rt","tag-regime-trabalho"],"acf":[],"_links":{"self":[{"href":"https:\/\/progepe.ufpr.br\/portarias\/wp-json\/wp\/v2\/posts\/19458","targetHints":{"allow":["GET"]}}],"collection":[{"href":"https:\/\/progepe.ufpr.br\/portarias\/wp-json\/wp\/v2\/posts"}],"about":[{"href":"https:\/\/progepe.ufpr.br\/portarias\/wp-json\/wp\/v2\/types\/post"}],"author":[{"embeddable":true,"href":"https:\/\/progepe.ufpr.br\/portarias\/wp-json\/wp\/v2\/users\/49"}],"replies":[{"embeddable":true,"href":"https:\/\/progepe.ufpr.br\/portarias\/wp-json\/wp\/v2\/comments?post=19458"}],"version-history":[{"count":1,"href":"https:\/\/progepe.ufpr.br\/portarias\/wp-json\/wp\/v2\/posts\/19458\/revisions"}],"predecessor-version":[{"id":191628,"href":"https:\/\/progepe.ufpr.br\/portarias\/wp-json\/wp\/v2\/posts\/19458\/revisions\/191628"}],"wp:attachment":[{"href":"https:\/\/progepe.ufpr.br\/portarias\/wp-json\/wp\/v2\/media?parent=19458"}],"wp:term":[{"taxonomy":"category","embeddable":true,"href":"https:\/\/progepe.ufpr.br\/portarias\/wp-json\/wp\/v2\/categories?post=19458"},{"taxonomy":"post_tag","embeddable":true,"href":"https:\/\/progepe.ufpr.br\/portarias\/wp-json\/wp\/v2\/tags?post=19458"}],"curies":[{"name":"wp","href":"https:\/\/api.w.org\/{rel}","templated":true}]}}