{"id":19512,"date":"2019-12-06T05:03:00","date_gmt":"2019-12-06T08:03:00","guid":{"rendered":"http:\/\/progepe.ufpr.br\/portal\/?post_type=portarias&#038;p=19512"},"modified":"2023-08-03T13:16:58","modified_gmt":"2023-08-03T16:16:58","slug":"rt-2019-01176","status":"publish","type":"post","link":"https:\/\/progepe.ufpr.br\/portarias\/rt-2019-01176\/","title":{"rendered":"PORTARIA N\u00ba 01176\/REITORIA, DE 04 DE DEZEMBRO DE 2019"},"content":{"rendered":"\n<p><strong>O\nReitor da Universidade Federal do Paran\u00e1, <\/strong>no uso de suas atribui\u00e7\u00f5es,\nconsiderando o constante no Art. 91 da Lei n\u00ba 8.112\/90 e o que consta no\nprocesso n\u00ba 23075.069586\/2019-77,<\/p>\n\n\n\n<p>RESOLVE:<\/p>\n\n\n\n<p>Conceder licen\u00e7a para tratar de interesses particulares, sem remunera\u00e7\u00e3o,\nno per\u00edodo de 20 de janeiro de 2020 a 19 de janeiro de 2023, ao servidor YUAN\nJINYUN &#8211; 2169962, ocupante do cargo de Professor\ndo Magist\u00e9rio Superior, lotado no Departamento de Matem\u00e1tica do Setor de\nCi\u00eancias Exatas.<\/p>\n\n\n\n<p style=\"text-align:right\">Ricardo Marcelo\nFonseca<\/p>\n","protected":false},"excerpt":{"rendered":"<p>Conceder licen\u00e7a para tratar de interesses particulares, sem remunera\u00e7\u00e3o, no per\u00edodo de 20 de janeiro de 2020 a 19 de janeiro de 2023, ao servidor YUAN JINYUN &#8211; 2169962, ocupante do cargo de Professor do Magist\u00e9rio Superior, lotado no Departamento de Matem\u00e1tica do Setor de Ci\u00eancias Exatas.  <!-- wp:paragraph {\"align\":\"right\"} \n\n<p style=\"text-align:right\">Ricardo Marcelo Fonseca\n<\/p>\n","protected":false},"author":49,"featured_media":0,"comment_status":"closed","ping_status":"closed","sticky":false,"template":"","format":"standard","meta":{"_acf_changed":false,"iawp_total_views":0,"footnotes":""},"categories":[117],"tags":[123],"class_list":["post-19512","post","type-post","status-publish","format-standard","hentry","category-rt","tag-afastamento-licenca"],"acf":[],"_links":{"self":[{"href":"https:\/\/progepe.ufpr.br\/portarias\/wp-json\/wp\/v2\/posts\/19512","targetHints":{"allow":["GET"]}}],"collection":[{"href":"https:\/\/progepe.ufpr.br\/portarias\/wp-json\/wp\/v2\/posts"}],"about":[{"href":"https:\/\/progepe.ufpr.br\/portarias\/wp-json\/wp\/v2\/types\/post"}],"author":[{"embeddable":true,"href":"https:\/\/progepe.ufpr.br\/portarias\/wp-json\/wp\/v2\/users\/49"}],"replies":[{"embeddable":true,"href":"https:\/\/progepe.ufpr.br\/portarias\/wp-json\/wp\/v2\/comments?post=19512"}],"version-history":[{"count":1,"href":"https:\/\/progepe.ufpr.br\/portarias\/wp-json\/wp\/v2\/posts\/19512\/revisions"}],"predecessor-version":[{"id":191633,"href":"https:\/\/progepe.ufpr.br\/portarias\/wp-json\/wp\/v2\/posts\/19512\/revisions\/191633"}],"wp:attachment":[{"href":"https:\/\/progepe.ufpr.br\/portarias\/wp-json\/wp\/v2\/media?parent=19512"}],"wp:term":[{"taxonomy":"category","embeddable":true,"href":"https:\/\/progepe.ufpr.br\/portarias\/wp-json\/wp\/v2\/categories?post=19512"},{"taxonomy":"post_tag","embeddable":true,"href":"https:\/\/progepe.ufpr.br\/portarias\/wp-json\/wp\/v2\/tags?post=19512"}],"curies":[{"name":"wp","href":"https:\/\/api.w.org\/{rel}","templated":true}]}}