{"id":19518,"date":"2019-12-06T05:05:00","date_gmt":"2019-12-06T08:05:00","guid":{"rendered":"http:\/\/progepe.ufpr.br\/portal\/?post_type=portarias&#038;p=19518"},"modified":"2023-08-03T13:16:58","modified_gmt":"2023-08-03T16:16:58","slug":"rt-2019-01178","status":"publish","type":"post","link":"https:\/\/progepe.ufpr.br\/portarias\/rt-2019-01178\/","title":{"rendered":"PORTARIA N\u00ba 01178\/REITORIA, DE 05 DE DEZEMBRO DE 2019"},"content":{"rendered":"\n<p><strong>O\nReitor da Universidade Federal do Paran\u00e1, <\/strong>no uso de suas atribui\u00e7\u00f5es,\nconsiderando o constante no Art. 91 da Lei n\u00ba 8.112\/90 e o que consta no\nprocesso n\u00ba 23075.079972\/2019-77,<\/p>\n\n\n\n<p>RESOLVE:<\/p>\n\n\n\n<p>Autorizar,\na partir de 02 de janeiro de 2020 a 31 de dezembro de 2020, a prorroga\u00e7\u00e3o da\nlicen\u00e7a para tratar de interesses particulares, sem remunera\u00e7\u00e3o, do servidor ALEXANDRE\nDITZEL FARACO &#8211; 2642133, ocupante do cargo de Professor\ndo Magist\u00e9rio Superior, lotada no Departamento de Direito P\u00fablico do Setor de\nCi\u00eancias Jur\u00eddicas.<\/p>\n\n\n\n<p style=\"text-align:right\">Ricardo Marcelo Fonseca<\/p>\n","protected":false},"excerpt":{"rendered":"<p>Autorizar, a partir de 02 de janeiro de 2020 a 31 de dezembro de 2020, a prorroga\u00e7\u00e3o da licen\u00e7a para tratar de interesses particulares, sem remunera\u00e7\u00e3o, do servidor ALEXANDRE DITZEL FARACO &#8211; 2642133, ocupante do cargo de Professor do Magist\u00e9rio Superior, lotada no Departamento de Direito P\u00fablico do Setor de Ci\u00eancias Jur\u00eddicas.  <!-- wp:paragraph {\"align\":\"right\"} \n\n<p style=\"text-align:right\">Ricardo Marcelo Fonseca\n<\/p>\n","protected":false},"author":49,"featured_media":0,"comment_status":"closed","ping_status":"closed","sticky":false,"template":"","format":"standard","meta":{"_acf_changed":false,"iawp_total_views":0,"footnotes":""},"categories":[117],"tags":[123],"class_list":["post-19518","post","type-post","status-publish","format-standard","hentry","category-rt","tag-afastamento-licenca"],"acf":[],"_links":{"self":[{"href":"https:\/\/progepe.ufpr.br\/portarias\/wp-json\/wp\/v2\/posts\/19518","targetHints":{"allow":["GET"]}}],"collection":[{"href":"https:\/\/progepe.ufpr.br\/portarias\/wp-json\/wp\/v2\/posts"}],"about":[{"href":"https:\/\/progepe.ufpr.br\/portarias\/wp-json\/wp\/v2\/types\/post"}],"author":[{"embeddable":true,"href":"https:\/\/progepe.ufpr.br\/portarias\/wp-json\/wp\/v2\/users\/49"}],"replies":[{"embeddable":true,"href":"https:\/\/progepe.ufpr.br\/portarias\/wp-json\/wp\/v2\/comments?post=19518"}],"version-history":[{"count":1,"href":"https:\/\/progepe.ufpr.br\/portarias\/wp-json\/wp\/v2\/posts\/19518\/revisions"}],"predecessor-version":[{"id":191634,"href":"https:\/\/progepe.ufpr.br\/portarias\/wp-json\/wp\/v2\/posts\/19518\/revisions\/191634"}],"wp:attachment":[{"href":"https:\/\/progepe.ufpr.br\/portarias\/wp-json\/wp\/v2\/media?parent=19518"}],"wp:term":[{"taxonomy":"category","embeddable":true,"href":"https:\/\/progepe.ufpr.br\/portarias\/wp-json\/wp\/v2\/categories?post=19518"},{"taxonomy":"post_tag","embeddable":true,"href":"https:\/\/progepe.ufpr.br\/portarias\/wp-json\/wp\/v2\/tags?post=19518"}],"curies":[{"name":"wp","href":"https:\/\/api.w.org\/{rel}","templated":true}]}}