{"id":19530,"date":"2019-12-05T10:09:00","date_gmt":"2019-12-05T13:09:00","guid":{"rendered":"http:\/\/progepe.ufpr.br\/portal\/?post_type=portarias&#038;p=19530"},"modified":"2023-08-03T12:51:52","modified_gmt":"2023-08-03T15:51:52","slug":"progepe-2019-04883","status":"publish","type":"post","link":"https:\/\/progepe.ufpr.br\/portarias\/progepe-2019-04883\/","title":{"rendered":"PORTARIA N\u00ba 04883\/PROGEPE, DE 05 DE DEZEMBRO DE 2019"},"content":{"rendered":"\n<p><strong>O Pr\u00f3-Reitor de Gest\u00e3o de Pessoas da Universidade Federal do Paran\u00e1<\/strong><strong>,<\/strong> no uso de suas atribui\u00e7\u00f5es, tendo em vista a\ncompet\u00eancia que lhe \u00e9 conferida pela Portaria n\u00ba 2.590, de 26 de setembro de\n1997 e considerando o que consta no processo n\u00ba 23075.066874\/2018-99,<\/p>\n\n\n\n<p>RESOLVE:<\/p>\n\n\n\n<p>Retificar a\nPortaria n\u00ba 4.436\/PROGEPE, de 17 de outubro de 2017, referente \u00e0 autoriza\u00e7\u00e3o do\nafastamento da servidora WALESKA\nDEMBISKI PAPOULIAS &#8211; 1752300, ocupante do cargo de T\u00e9cnica de Laborat\u00f3rio &#8211;\n\u00c1rea, lotada no Centro de Estudos do Mar do Setor de Ci\u00eancias da Terra:<\/p>\n\n\n\n<p>Onde se L\u00ea:\nAutorizar o afastamento parcial&#8230; .<\/p>\n\n\n\n<p>Leia-se:\nAutorizar o afastamento integral&#8230; .<\/p>\n\n\n\n<p style=\"text-align:right\">Douglas Ortiz Hamermuller<\/p>\n","protected":false},"excerpt":{"rendered":"<p>Retificar a Portaria n\u00ba 4.436\/PROGEPE, de 17 de outubro de 2017, referente \u00e0 autoriza\u00e7\u00e3o do afastamento da servidora WALESKA DEMBISKI PAPOULIAS &#8211; 1752300, ocupante do cargo de T\u00e9cnica de Laborat\u00f3rio &#8211; \u00c1rea, lotada no Centro de Estudos do Mar do Setor de Ci\u00eancias da Terra:  Onde se L\u00ea: Autorizar o afastamento parcial&#8230; .  Leia-se: Autorizar o afastamento integral&#8230; .  <!-- wp:paragraph {\"align\":\"right\"} \n\n<p style=\"text-align:right\">Douglas Ortiz Hamermuller\n<\/p>\n","protected":false},"author":49,"featured_media":0,"comment_status":"closed","ping_status":"closed","sticky":false,"template":"","format":"standard","meta":{"_acf_changed":false,"iawp_total_views":0,"footnotes":""},"categories":[116],"tags":[123],"class_list":["post-19530","post","type-post","status-publish","format-standard","hentry","category-progepe","tag-afastamento-licenca"],"acf":[],"_links":{"self":[{"href":"https:\/\/progepe.ufpr.br\/portarias\/wp-json\/wp\/v2\/posts\/19530","targetHints":{"allow":["GET"]}}],"collection":[{"href":"https:\/\/progepe.ufpr.br\/portarias\/wp-json\/wp\/v2\/posts"}],"about":[{"href":"https:\/\/progepe.ufpr.br\/portarias\/wp-json\/wp\/v2\/types\/post"}],"author":[{"embeddable":true,"href":"https:\/\/progepe.ufpr.br\/portarias\/wp-json\/wp\/v2\/users\/49"}],"replies":[{"embeddable":true,"href":"https:\/\/progepe.ufpr.br\/portarias\/wp-json\/wp\/v2\/comments?post=19530"}],"version-history":[{"count":1,"href":"https:\/\/progepe.ufpr.br\/portarias\/wp-json\/wp\/v2\/posts\/19530\/revisions"}],"predecessor-version":[{"id":191636,"href":"https:\/\/progepe.ufpr.br\/portarias\/wp-json\/wp\/v2\/posts\/19530\/revisions\/191636"}],"wp:attachment":[{"href":"https:\/\/progepe.ufpr.br\/portarias\/wp-json\/wp\/v2\/media?parent=19530"}],"wp:term":[{"taxonomy":"category","embeddable":true,"href":"https:\/\/progepe.ufpr.br\/portarias\/wp-json\/wp\/v2\/categories?post=19530"},{"taxonomy":"post_tag","embeddable":true,"href":"https:\/\/progepe.ufpr.br\/portarias\/wp-json\/wp\/v2\/tags?post=19530"}],"curies":[{"name":"wp","href":"https:\/\/api.w.org\/{rel}","templated":true}]}}