{"id":19536,"date":"2019-12-05T10:10:00","date_gmt":"2019-12-05T13:10:00","guid":{"rendered":"http:\/\/progepe.ufpr.br\/portal\/?post_type=portarias&#038;p=19536"},"modified":"2023-08-03T12:51:53","modified_gmt":"2023-08-03T15:51:53","slug":"progepe-2019-04884","status":"publish","type":"post","link":"https:\/\/progepe.ufpr.br\/portarias\/progepe-2019-04884\/","title":{"rendered":"PORTARIA N\u00ba 04884\/PROGEPE, DE 05 DE DEZEMBRO DE 2019"},"content":{"rendered":"\n<p><strong>O Pr\u00f3-Reitor de Gest\u00e3o de Pessoas da Universidade Federal do Paran\u00e1,<\/strong> no uso de\nsuas atribui\u00e7\u00f5es, tendo em vista a compet\u00eancia que lhe \u00e9 conferida pela\nPortaria n\u00ba 2.590, de 26 de setembro de 1997 e considerando o que consta no\nprocesso n\u00ba 23075.082083\/2019-97,<\/p>\n\n\n\n<p>RESOLVE:<\/p>\n\n\n\n<p>Autorizar, a partir de 29 de novembro de 2019, a\nmovimenta\u00e7\u00e3o do servidor FABIO MIGUEL &#8211; 3135454, ocupante do\ncargo Assistente em Administra\u00e7\u00e3o, para a Se\u00e7\u00e3o de Gest\u00e3o de Pessoas da\nCoordena\u00e7\u00e3o Administrativa do Setor Litoral.<\/p>\n\n\n\n<p style=\"text-align:right\">Douglas Ortiz\nHamermuller<\/p>\n","protected":false},"excerpt":{"rendered":"<p>Autorizar, a partir de 29 de novembro de 2019, a movimenta\u00e7\u00e3o do servidor FABIO MIGUEL &#8211; 3135454, ocupante do cargo Assistente em Administra\u00e7\u00e3o, para a Se\u00e7\u00e3o de Gest\u00e3o de Pessoas da Coordena\u00e7\u00e3o Administrativa do Setor Litoral.  <!-- wp:paragraph {\"align\":\"right\"} \n\n<p style=\"text-align:right\">Douglas Ortiz Hamermuller\n<\/p>\n","protected":false},"author":49,"featured_media":0,"comment_status":"closed","ping_status":"closed","sticky":false,"template":"","format":"standard","meta":{"_acf_changed":false,"iawp_total_views":4,"footnotes":""},"categories":[116],"tags":[135],"class_list":["post-19536","post","type-post","status-publish","format-standard","hentry","category-progepe","tag-remocao"],"acf":[],"_links":{"self":[{"href":"https:\/\/progepe.ufpr.br\/portarias\/wp-json\/wp\/v2\/posts\/19536","targetHints":{"allow":["GET"]}}],"collection":[{"href":"https:\/\/progepe.ufpr.br\/portarias\/wp-json\/wp\/v2\/posts"}],"about":[{"href":"https:\/\/progepe.ufpr.br\/portarias\/wp-json\/wp\/v2\/types\/post"}],"author":[{"embeddable":true,"href":"https:\/\/progepe.ufpr.br\/portarias\/wp-json\/wp\/v2\/users\/49"}],"replies":[{"embeddable":true,"href":"https:\/\/progepe.ufpr.br\/portarias\/wp-json\/wp\/v2\/comments?post=19536"}],"version-history":[{"count":1,"href":"https:\/\/progepe.ufpr.br\/portarias\/wp-json\/wp\/v2\/posts\/19536\/revisions"}],"predecessor-version":[{"id":191637,"href":"https:\/\/progepe.ufpr.br\/portarias\/wp-json\/wp\/v2\/posts\/19536\/revisions\/191637"}],"wp:attachment":[{"href":"https:\/\/progepe.ufpr.br\/portarias\/wp-json\/wp\/v2\/media?parent=19536"}],"wp:term":[{"taxonomy":"category","embeddable":true,"href":"https:\/\/progepe.ufpr.br\/portarias\/wp-json\/wp\/v2\/categories?post=19536"},{"taxonomy":"post_tag","embeddable":true,"href":"https:\/\/progepe.ufpr.br\/portarias\/wp-json\/wp\/v2\/tags?post=19536"}],"curies":[{"name":"wp","href":"https:\/\/api.w.org\/{rel}","templated":true}]}}