{"id":19548,"date":"2019-12-06T20:00:00","date_gmt":"2019-12-06T23:00:00","guid":{"rendered":"http:\/\/progepe.ufpr.br\/portal\/?post_type=portarias&#038;p=19548"},"modified":"2023-08-03T11:03:09","modified_gmt":"2023-08-03T14:03:09","slug":"dd-2019-00585","status":"publish","type":"post","link":"https:\/\/progepe.ufpr.br\/portarias\/dd-2019-00585\/","title":{"rendered":"PORTARIA N\u00ba 00585\/DD, DE 06 DE DEZEMBRO DE 2019"},"content":{"rendered":"\n<p><strong>O Diretor Disciplinar da\nUniversidade Federal do Paran\u00e1, <\/strong>no uso de suas atribui\u00e7\u00f5es, tendo em\nvista a compet\u00eancia que lhe \u00e9 conferida pela Portaria n\u00ba 593\/REITORIA, de 28 de\nagosto de 2017, o disposto nos artigos 143, 148, 149 e 152 da Lei n\u00ba 8.112, de\n11 de dezembro de 1990, e o que consta no Processo 23075.163504\/2016-37, &nbsp;<\/p>\n\n\n\n<p>RESOLVE:&nbsp;&nbsp;&nbsp;&nbsp;&nbsp;&nbsp; <\/p>\n\n\n\n<p>Designar\nos servidores RICARDO PRESTES PAZELLO \u2013 1795536, Professor do Magist\u00e9rio\nSuperior, lotado no Departamento de Direito P\u00fablico do Setor de Ci\u00eancias\nJur\u00eddicas; PAULO EDUARDO SOBREIRA MORAES \u2014 1708743, Professor do Magist\u00e9rio\nSuperior, lotado no Setor de Educa\u00e7\u00e3o Profissional e Tecnol\u00f3gica; e MARIA\nVAL\u00c9RIA DA COSTA \u2014 2170421, Professora do Ensino B\u00e1sico, T\u00e9cnico e Tecnol\u00f3gico,\nlotada no Setor de Educa\u00e7\u00e3o Profissional, para, sob a presid\u00eancia do primeiro,\nconstitu\u00edrem Comiss\u00e3o de Processo Administrativo Disciplinar, com vistas a ultimar,\nno prazo de 60 (sessenta) dias, os trabalhos de apura\u00e7\u00e3o dos fatos de que trata\no Processo 23075.163504\/2016-37, com aproveitamento de todos os atos praticados\ne provas colhidas at\u00e9 o presente momento, bem como proceder ao exame dos atos e\nfatos conexos que emergirem no decorrer dos trabalhos.<\/p>\n\n\n\n<p style=\"text-align:right\">MANOEL\nROBERTO SILVA DE SOUZA<\/p>\n\n\n\n<p style=\"text-align:right\">Diretor\nDisciplinar<\/p>\n","protected":false},"excerpt":{"rendered":"<p>O Diretor Disciplinar da Universidade Federal do Paran\u00e1, no uso de suas atribui\u00e7\u00f5es, tendo em vista a compet\u00eancia que lhe \u00e9 conferida pela Portaria n\u00ba 593\/REITORIA, de 28 de agosto de 2017, o disposto nos artigos 143, 148, 149 e 152 da Lei n\u00ba 8.112, de 11 de dezembro de 1990, e o que consta [&hellip;]<\/p>\n","protected":false},"author":12,"featured_media":0,"comment_status":"closed","ping_status":"closed","sticky":false,"template":"","format":"standard","meta":{"_acf_changed":false,"iawp_total_views":0,"footnotes":""},"categories":[118],"tags":[132],"class_list":["post-19548","post","type-post","status-publish","format-standard","hentry","category-dd","tag-pad-sindicancia"],"acf":[],"_links":{"self":[{"href":"https:\/\/progepe.ufpr.br\/portarias\/wp-json\/wp\/v2\/posts\/19548","targetHints":{"allow":["GET"]}}],"collection":[{"href":"https:\/\/progepe.ufpr.br\/portarias\/wp-json\/wp\/v2\/posts"}],"about":[{"href":"https:\/\/progepe.ufpr.br\/portarias\/wp-json\/wp\/v2\/types\/post"}],"author":[{"embeddable":true,"href":"https:\/\/progepe.ufpr.br\/portarias\/wp-json\/wp\/v2\/users\/12"}],"replies":[{"embeddable":true,"href":"https:\/\/progepe.ufpr.br\/portarias\/wp-json\/wp\/v2\/comments?post=19548"}],"version-history":[{"count":2,"href":"https:\/\/progepe.ufpr.br\/portarias\/wp-json\/wp\/v2\/posts\/19548\/revisions"}],"predecessor-version":[{"id":191639,"href":"https:\/\/progepe.ufpr.br\/portarias\/wp-json\/wp\/v2\/posts\/19548\/revisions\/191639"}],"wp:attachment":[{"href":"https:\/\/progepe.ufpr.br\/portarias\/wp-json\/wp\/v2\/media?parent=19548"}],"wp:term":[{"taxonomy":"category","embeddable":true,"href":"https:\/\/progepe.ufpr.br\/portarias\/wp-json\/wp\/v2\/categories?post=19548"},{"taxonomy":"post_tag","embeddable":true,"href":"https:\/\/progepe.ufpr.br\/portarias\/wp-json\/wp\/v2\/tags?post=19548"}],"curies":[{"name":"wp","href":"https:\/\/api.w.org\/{rel}","templated":true}]}}