{"id":19683,"date":"2019-12-09T05:02:00","date_gmt":"2019-12-09T08:02:00","guid":{"rendered":"http:\/\/progepe.ufpr.br\/portal\/?post_type=portarias&#038;p=19683"},"modified":"2023-08-03T13:16:58","modified_gmt":"2023-08-03T16:16:58","slug":"rt-2019-01164","status":"publish","type":"post","link":"https:\/\/progepe.ufpr.br\/portarias\/rt-2019-01164\/","title":{"rendered":"PORTARIA N\u00ba 01164\/REITORIA, DE 03 DE DEZEMBRO DE 2019"},"content":{"rendered":"\n<p><strong>O Reitor da Universidade Federal do Paran\u00e1, <\/strong>no uso de suas atribui\u00e7\u00f5es, tendo em vista o que consta no artigo 50, \u00a7 \u00danico do Regimento Geral desta Universidade e o que consta no processo n\u00ba 23075.075532\/2019-41, <\/p>\n\n\n\n<p>RESOLVE: <\/p>\n\n\n\n<p>I.&nbsp;Exonerar, a partir da data de publica\u00e7\u00e3o em DOU desta Portaria,\no servidor DIEVAL GUIZELINI&nbsp;&#8211; 1169967, da fun\u00e7\u00e3o de Vice-Coordenador de\nCurso de Gradua\u00e7\u00e3o do Setor de Educa\u00e7\u00e3o Profissional e Tecnol\u00f3gica (Curso\nSuperior de Tecnologia em An\u00e1lise e Desenvolvimento de Sistemas).<\/p>\n\n\n\n<p>II. Nomear o servidor&nbsp;DIEVAL GUIZELINI&nbsp;&#8211; 1169967, ocupante do\ncargo de Professor de Ensino B\u00e1sico, T\u00e9cnico e Tecnol\u00f3gico, no regime de\ntrabalho de dedica\u00e7\u00e3o exclusiva, para exercer a fun\u00e7\u00e3o de Coordenador de Curso\nde P\u00f3s-Gradua\u00e7\u00e3o do Setor de Educa\u00e7\u00e3o Profissional e Tecnol\u00f3gica, &nbsp;FCC \u2013\nFun\u00e7\u00e3o Comissionada de Coordena\u00e7\u00e3o de Curso (Programa de P\u00f3s-Gradua\u00e7\u00e3o em\nBioinform\u00e1tica),&nbsp;autorizada pela Lei n\u00ba 12.677, de 25 de junho de 2012,\npublicado no DOU de 26.06.2012 e Portaria\/MEC n\u00ba 1.172, de 17 de setembro de\n2012, pelo per\u00edodo de 02 (dois) anos, a partir da data de publica\u00e7\u00e3o em DOU, de\nacordo com a Lei n\u00ba 9.527\/97.<\/p>\n\n\n\n<p>III.&nbsp;O mencionado docente cumprir\u00e1, obrigatoriamente, o regime de\ntrabalho de tempo integral, de acordo com o disposto no \u00a7 5\u00ba, artigo 1\u00ba da Lei\nn\u00ba 8.168\/91.<\/p>\n\n\n\n<p style=\"text-align:right\"><strong>RICARDO MARCELO FONSECA<\/strong><\/p>\n","protected":false},"excerpt":{"rendered":"<p>O Reitor da Universidade Federal do Paran\u00e1, no uso de suas atribui\u00e7\u00f5es, tendo em vista o que consta no artigo 50, \u00a7 \u00danico do Regimento Geral desta Universidade e o que consta no processo n\u00ba 23075.075532\/2019-41, RESOLVE: I.&nbsp;Exonerar, a partir da data de publica\u00e7\u00e3o em DOU desta Portaria, o servidor DIEVAL GUIZELINI&nbsp;&#8211; 1169967, da fun\u00e7\u00e3o [&hellip;]<\/p>\n","protected":false},"author":50,"featured_media":0,"comment_status":"closed","ping_status":"closed","sticky":false,"template":"","format":"standard","meta":{"_acf_changed":false,"iawp_total_views":0,"footnotes":""},"categories":[117],"tags":[120],"class_list":["post-19683","post","type-post","status-publish","format-standard","hentry","category-rt","tag-funcao"],"acf":[],"_links":{"self":[{"href":"https:\/\/progepe.ufpr.br\/portarias\/wp-json\/wp\/v2\/posts\/19683","targetHints":{"allow":["GET"]}}],"collection":[{"href":"https:\/\/progepe.ufpr.br\/portarias\/wp-json\/wp\/v2\/posts"}],"about":[{"href":"https:\/\/progepe.ufpr.br\/portarias\/wp-json\/wp\/v2\/types\/post"}],"author":[{"embeddable":true,"href":"https:\/\/progepe.ufpr.br\/portarias\/wp-json\/wp\/v2\/users\/50"}],"replies":[{"embeddable":true,"href":"https:\/\/progepe.ufpr.br\/portarias\/wp-json\/wp\/v2\/comments?post=19683"}],"version-history":[{"count":1,"href":"https:\/\/progepe.ufpr.br\/portarias\/wp-json\/wp\/v2\/posts\/19683\/revisions"}],"predecessor-version":[{"id":191653,"href":"https:\/\/progepe.ufpr.br\/portarias\/wp-json\/wp\/v2\/posts\/19683\/revisions\/191653"}],"wp:attachment":[{"href":"https:\/\/progepe.ufpr.br\/portarias\/wp-json\/wp\/v2\/media?parent=19683"}],"wp:term":[{"taxonomy":"category","embeddable":true,"href":"https:\/\/progepe.ufpr.br\/portarias\/wp-json\/wp\/v2\/categories?post=19683"},{"taxonomy":"post_tag","embeddable":true,"href":"https:\/\/progepe.ufpr.br\/portarias\/wp-json\/wp\/v2\/tags?post=19683"}],"curies":[{"name":"wp","href":"https:\/\/api.w.org\/{rel}","templated":true}]}}