{"id":19821,"date":"2019-12-10T05:00:00","date_gmt":"2019-12-10T08:00:00","guid":{"rendered":"http:\/\/progepe.ufpr.br\/portal\/?post_type=portarias&#038;p=19821"},"modified":"2023-08-03T13:16:59","modified_gmt":"2023-08-03T16:16:59","slug":"rt-2019-01174","status":"publish","type":"post","link":"https:\/\/progepe.ufpr.br\/portarias\/rt-2019-01174\/","title":{"rendered":"PORTARIA N\u00ba 01174\/REITORIA, DE 04 DE DEZEMBRO DE 2019"},"content":{"rendered":"\n<p><strong>O\nReitor da Universidade Federal do Paran\u00e1, <\/strong>no uso de suas atribui\u00e7\u00f5es e tendo em\nvista o que consta no processo n\u00ba 23075.079719\/2019-13,<\/p>\n\n\n\n<p>RESOLVE:<\/p>\n\n\n\n<p>Alterar a jornada de\ntrabalho de 40 (quarenta) horas semanais, para 30 (trinta) horas semanais, com\nremunera\u00e7\u00e3o proporcional, da servidora LICIANE SALLUM &#8211; 2361111, ocupante do\ncargo de Assistente em Administra\u00e7\u00e3o, lotada no Departamento de Enfermagem do\nSetor de Ci\u00eancias da Sa\u00fade, a partir de 06 de janeiro de 2020, tendo em vista o\nque consta no Art. 5\u00ba da Medida Provis\u00f3ria n\u00ba 2.174-28, de 24 de agosto de\n2001.<\/p>\n\n\n\n<p style=\"text-align:right\">Ricardo\nMarcelo Fonseca<\/p>\n","protected":false},"excerpt":{"rendered":"<p>Alterar a jornada de trabalho de 40 (quarenta) horas semanais, para 30 (trinta) horas semanais, com remunera\u00e7\u00e3o proporcional, da servidora LICIANE SALLUM &#8211; 2361111, ocupante do cargo de Assistente em Administra\u00e7\u00e3o, lotada no Departamento de Enfermagem do Setor de Ci\u00eancias da Sa\u00fade, a partir de 06 de janeiro de 2020, tendo em vista o que consta no Art. 5\u00ba da Medida Provis\u00f3ria n\u00ba 2.174-28, de 24 de agosto de 2001.  <!-- wp:paragraph {\"align\":\"right\"} \n\n<p style=\"text-align:right\">Ricardo Marcelo Fonseca\n<\/p>\n","protected":false},"author":49,"featured_media":0,"comment_status":"closed","ping_status":"closed","sticky":false,"template":"","format":"standard","meta":{"_acf_changed":false,"iawp_total_views":0,"footnotes":""},"categories":[117],"tags":[130],"class_list":["post-19821","post","type-post","status-publish","format-standard","hentry","category-rt","tag-regime-trabalho"],"acf":[],"_links":{"self":[{"href":"https:\/\/progepe.ufpr.br\/portarias\/wp-json\/wp\/v2\/posts\/19821","targetHints":{"allow":["GET"]}}],"collection":[{"href":"https:\/\/progepe.ufpr.br\/portarias\/wp-json\/wp\/v2\/posts"}],"about":[{"href":"https:\/\/progepe.ufpr.br\/portarias\/wp-json\/wp\/v2\/types\/post"}],"author":[{"embeddable":true,"href":"https:\/\/progepe.ufpr.br\/portarias\/wp-json\/wp\/v2\/users\/49"}],"replies":[{"embeddable":true,"href":"https:\/\/progepe.ufpr.br\/portarias\/wp-json\/wp\/v2\/comments?post=19821"}],"version-history":[{"count":1,"href":"https:\/\/progepe.ufpr.br\/portarias\/wp-json\/wp\/v2\/posts\/19821\/revisions"}],"predecessor-version":[{"id":191665,"href":"https:\/\/progepe.ufpr.br\/portarias\/wp-json\/wp\/v2\/posts\/19821\/revisions\/191665"}],"wp:attachment":[{"href":"https:\/\/progepe.ufpr.br\/portarias\/wp-json\/wp\/v2\/media?parent=19821"}],"wp:term":[{"taxonomy":"category","embeddable":true,"href":"https:\/\/progepe.ufpr.br\/portarias\/wp-json\/wp\/v2\/categories?post=19821"},{"taxonomy":"post_tag","embeddable":true,"href":"https:\/\/progepe.ufpr.br\/portarias\/wp-json\/wp\/v2\/tags?post=19821"}],"curies":[{"name":"wp","href":"https:\/\/api.w.org\/{rel}","templated":true}]}}