{"id":19917,"date":"2019-12-10T05:02:00","date_gmt":"2019-12-10T08:02:00","guid":{"rendered":"http:\/\/progepe.ufpr.br\/portal\/?post_type=portarias&#038;p=19917"},"modified":"2023-08-03T13:17:00","modified_gmt":"2023-08-03T16:17:00","slug":"rt-2019-01199","status":"publish","type":"post","link":"https:\/\/progepe.ufpr.br\/portarias\/rt-2019-01199\/","title":{"rendered":"PORTARIA N\u00ba 01199\/REITORIA, DE 06 DE DEZEMBRO DE 2019"},"content":{"rendered":"\n<p><strong>O\nReitor da Universidade Federal do Paran\u00e1, <\/strong>no uso de suas atribui\u00e7\u00f5es e tendo em\nvista o que consta no processo n\u00ba 23075.002565\/2019-71,<\/p>\n\n\n\n<p>RESOLVE:<\/p>\n\n\n\n<p>Alterar a jornada de\ntrabalho de 30 (trinta) horas semanais, para 40 (quarenta) horas semanais, com\nremunera\u00e7\u00e3o proporcional, do servidor PAULO ROBERTO DE LIMA &#8211; 2942580, ocupante\ndo cargo de Administrador, lotado na Superintend\u00eancia de Inclus\u00e3o, Pol\u00edticas\nAfirmativas e Diversidade, a partir de 02 de dezembro de 2019, tendo em vista o\nque consta no \u00a7 3\u00ba Art. 5\u00ba da Medida Provis\u00f3ria n\u00ba 2.174-28, de 24 de agosto de\n2001.<\/p>\n\n\n\n<p style=\"text-align:right\">Ricardo\nMarcelo Fonseca<\/p>\n","protected":false},"excerpt":{"rendered":"<p>Alterar a jornada de trabalho de 30 (trinta) horas semanais, para 40 (quarenta) horas semanais, com remunera\u00e7\u00e3o proporcional, do servidor PAULO ROBERTO DE LIMA &#8211; 2942580, ocupante do cargo de Administrador, lotado na Superintend\u00eancia de Inclus\u00e3o, Pol\u00edticas Afirmativas e Diversidade, a partir de 02 de dezembro de 2019, tendo em vista o que consta no \u00a7 3\u00ba Art. 5\u00ba da Medida Provis\u00f3ria n\u00ba 2.174-28, de 24 de agosto de 2001.  <!-- wp:paragraph {\"align\":\"right\"} \n\n<p style=\"text-align:right\">Ricardo Marcelo Fonseca\n<\/p>\n","protected":false},"author":49,"featured_media":0,"comment_status":"closed","ping_status":"closed","sticky":false,"template":"","format":"standard","meta":{"_acf_changed":false,"iawp_total_views":0,"footnotes":""},"categories":[117],"tags":[130],"class_list":["post-19917","post","type-post","status-publish","format-standard","hentry","category-rt","tag-regime-trabalho"],"acf":[],"_links":{"self":[{"href":"https:\/\/progepe.ufpr.br\/portarias\/wp-json\/wp\/v2\/posts\/19917","targetHints":{"allow":["GET"]}}],"collection":[{"href":"https:\/\/progepe.ufpr.br\/portarias\/wp-json\/wp\/v2\/posts"}],"about":[{"href":"https:\/\/progepe.ufpr.br\/portarias\/wp-json\/wp\/v2\/types\/post"}],"author":[{"embeddable":true,"href":"https:\/\/progepe.ufpr.br\/portarias\/wp-json\/wp\/v2\/users\/49"}],"replies":[{"embeddable":true,"href":"https:\/\/progepe.ufpr.br\/portarias\/wp-json\/wp\/v2\/comments?post=19917"}],"version-history":[{"count":1,"href":"https:\/\/progepe.ufpr.br\/portarias\/wp-json\/wp\/v2\/posts\/19917\/revisions"}],"predecessor-version":[{"id":191676,"href":"https:\/\/progepe.ufpr.br\/portarias\/wp-json\/wp\/v2\/posts\/19917\/revisions\/191676"}],"wp:attachment":[{"href":"https:\/\/progepe.ufpr.br\/portarias\/wp-json\/wp\/v2\/media?parent=19917"}],"wp:term":[{"taxonomy":"category","embeddable":true,"href":"https:\/\/progepe.ufpr.br\/portarias\/wp-json\/wp\/v2\/categories?post=19917"},{"taxonomy":"post_tag","embeddable":true,"href":"https:\/\/progepe.ufpr.br\/portarias\/wp-json\/wp\/v2\/tags?post=19917"}],"curies":[{"name":"wp","href":"https:\/\/api.w.org\/{rel}","templated":true}]}}