{"id":20421,"date":"2019-12-10T10:03:00","date_gmt":"2019-12-10T13:03:00","guid":{"rendered":"http:\/\/progepe.ufpr.br\/portal\/?post_type=portarias&#038;p=20421"},"modified":"2023-08-03T12:52:02","modified_gmt":"2023-08-03T15:52:02","slug":"progepe-2019-04962","status":"publish","type":"post","link":"https:\/\/progepe.ufpr.br\/portarias\/progepe-2019-04962\/","title":{"rendered":"PORTARIA N\u00ba 04962\/PROGEPE, DE 10 DE DEZEMBRO DE 2019"},"content":{"rendered":"\n<p><strong>O Pr\u00f3-Reitor de Gest\u00e3o de Pessoas da Universidade Federal do Paran\u00e1,<\/strong>  no uso de suas atribui\u00e7\u00f5es, tendo em vista a compet\u00eancia que lhe \u00e9  conferida pela Portaria n\u00ba 2.590, de 26 de setembro de 1997; o que  consta no Art. 100 e 103 da Lei n\u00ba 8.112\/90 e ainda o contido no  processo n\u00ba 23075.087635\/2019-53, <\/p>\n\n\n\n<p>RESOLVE:<\/p>\n\n\n\n<p>Averbar, a partir de 10 de dezembro de \n2019, em favor da servidora ROSANGELA MARIA BARBOSA GAZOLA &#8211; 1225666, \nocupante do cargo de T\u00e9cnico em Alimentos e Latic\u00ednios, lotada no \nLaborat\u00f3rio Acad\u00eamico dos Cursos do Campus Jandaia do Sul, o tempo de \nservi\u00e7o abaixo listado, para fins de:<\/p>\n\n\n\n<p>Aposentadoria e disponibilidade:<\/p>\n\n\n\n<table class=\"wp-block-table\"><tbody><tr><td>\n\t\t\tEMPRESA\n\t\t\t<\/td><td>\n\t\t\tPER\u00cdODO\n\t\t\t<\/td><td>\n\t\t\tTOTAL DE DIAS\n\t\t\t<\/td><\/tr><tr><td>\n\t\t\tCOMILAO LANCHES LTDA\n\t\t\t<\/td><td>\n\t\t\t01\/10\/1990 a 31\/03\/1992\n\t\t\t<\/td><td>\n\t\t\t548\n\t\t\t<\/td><\/tr><tr><td>\n\t\t\tDANIELA PRESENTES LTDA\n\t\t\t<\/td><td>\n\t\t\t03\/07\/1998 a 31\/08\/1998\n\t\t\t<\/td><td>\n\t\t\t60\n\t\t\t<\/td><\/tr><tr><td>\n\t\t\tCENTRO DE ENSINO SAO LUCAS LTDA\n\t\t\t<\/td><td>\n\t\t\t15\/02\/2002 a 12\/12\/2013\n\t\t\t<\/td><td>\n\t\t\t4319\n\t\t\t<\/td><\/tr><tr><td>\n\t\t\tINSTITUTO FEDERAL DE EDUCACAO, CIENCIA E TECNOLOGIA DO\n\t\t\t<\/td><td>\n\t\t\t12\/05\/2015 a 11\/01\/2016\n\t\t\t<\/td><td>\n\t\t\t245\n\t\t\t<\/td><\/tr><tr><td>\n\t\t\tCENTRO DE ENSINO SANTO ANTONIOX LTDA\n\t\t\t<\/td><td>\n\t\t\t01\/02\/2017 a 01\/05\/2017\n\t\t\t<\/td><td>\n\t\t\t90<\/td><\/tr><\/tbody><\/table>\n\n\n\n<p style=\"text-align:right\"><strong>DOUGLAS ORTIZ HAMERMULLER<\/strong><\/p>\n","protected":false},"excerpt":{"rendered":"<p>Averbar, a partir de 10 de dezembro de 2019, em favor da servidora ROSANGELA MARIA BARBOSA GAZOLA &#8211; 1225666, ocupante do cargo de T\u00e9cnico em Alimentos e Latic\u00ednios, lotada no Laborat\u00f3rio Acad\u00eamico dos Cursos do Campus Jandaia do Sul, o tempo de servi\u00e7o abaixo listado, para fins de:  Aposentadoria e disponibilidade:  <!-- wp:table \n\n<table class=\"wp-block-table\">\n\n<tbody>\n\n<tr>\n\n<td>  EMPRESA  <\/td>\n\n\n\n<td>  PER\u00cdODO  <\/td>\n\n\n\n<td>  TOTAL DE DIAS  <\/td>\n\n<\/tr>\n\n\n\n<tr>\n\n<td>  COMILAO LANCHES LTDA  <\/td>\n\n\n\n<td>  01\/10\/1990 a 31\/03\/1992  <\/td>\n\n\n\n<td>  548  <\/td>\n\n<\/tr>\n\n\n\n<tr>\n\n<td>  DANIELA PRESENTES LTDA  <\/td>\n\n\n\n<td>  03\/07\/1998 a 31\/08\/1998\n<\/p>\n","protected":false},"author":48,"featured_media":0,"comment_status":"closed","ping_status":"closed","sticky":false,"template":"","format":"standard","meta":{"_acf_changed":false,"iawp_total_views":0,"footnotes":""},"categories":[116],"tags":[140],"class_list":["post-20421","post","type-post","status-publish","format-standard","hentry","category-progepe","tag-averbacao-desaverbacao"],"acf":[],"_links":{"self":[{"href":"https:\/\/progepe.ufpr.br\/portarias\/wp-json\/wp\/v2\/posts\/20421","targetHints":{"allow":["GET"]}}],"collection":[{"href":"https:\/\/progepe.ufpr.br\/portarias\/wp-json\/wp\/v2\/posts"}],"about":[{"href":"https:\/\/progepe.ufpr.br\/portarias\/wp-json\/wp\/v2\/types\/post"}],"author":[{"embeddable":true,"href":"https:\/\/progepe.ufpr.br\/portarias\/wp-json\/wp\/v2\/users\/48"}],"replies":[{"embeddable":true,"href":"https:\/\/progepe.ufpr.br\/portarias\/wp-json\/wp\/v2\/comments?post=20421"}],"version-history":[{"count":1,"href":"https:\/\/progepe.ufpr.br\/portarias\/wp-json\/wp\/v2\/posts\/20421\/revisions"}],"predecessor-version":[{"id":191736,"href":"https:\/\/progepe.ufpr.br\/portarias\/wp-json\/wp\/v2\/posts\/20421\/revisions\/191736"}],"wp:attachment":[{"href":"https:\/\/progepe.ufpr.br\/portarias\/wp-json\/wp\/v2\/media?parent=20421"}],"wp:term":[{"taxonomy":"category","embeddable":true,"href":"https:\/\/progepe.ufpr.br\/portarias\/wp-json\/wp\/v2\/categories?post=20421"},{"taxonomy":"post_tag","embeddable":true,"href":"https:\/\/progepe.ufpr.br\/portarias\/wp-json\/wp\/v2\/tags?post=20421"}],"curies":[{"name":"wp","href":"https:\/\/api.w.org\/{rel}","templated":true}]}}