{"id":20844,"date":"2019-12-16T20:00:00","date_gmt":"2019-12-16T23:00:00","guid":{"rendered":"http:\/\/progepe.ufpr.br\/portal\/?post_type=portarias&#038;p=20844"},"modified":"2023-08-03T11:03:09","modified_gmt":"2023-08-03T14:03:09","slug":"dd-2019-00591","status":"publish","type":"post","link":"https:\/\/progepe.ufpr.br\/portarias\/dd-2019-00591\/","title":{"rendered":"PORTARIA N\u00ba 00591\/DD, DE 16 DE DEZEMBRO DE 2019"},"content":{"rendered":"\n<p><strong>O Diretor Disciplinar da\nUniversidade Federal do Paran\u00e1, <\/strong>no uso de suas atribui\u00e7\u00f5es, tendo em\nvista a compet\u00eancia que lhe \u00e9 conferida pela Portaria n\u00ba 593\/REITORIA, de 28 de\nagosto de 2017, o disposto nos artigos 143, 148, 149 e 152 da Lei n\u00ba 8.112, de\n11 de dezembro de 1990, e o que consta no Processo 23075.034962\/2014-06,<\/p>\n\n\n\n<p>RESOLVE:<\/p>\n\n\n\n<p>I. Sobrestar o Processo 23075.034962\/2014-06, de 16 de dezembro de 2019 at\u00e9 10 de fevereiro de 2020, em fun\u00e7\u00e3o do gozo de f\u00e9rias dos membros da Comiss\u00e3o de Processo Administrativo Disciplinar, designada inicialmente pela Portaria n\u00ba 483\/DD, de 15 de agosto de 2019.<\/p>\n\n\n\n<p>II. Designar\nas servidoras ELENICE MARA MATOS NOVAK \u2014 0340962, &nbsp;Professora do Magist\u00e9rio Superior, lotada no\nDepartamento de Inform\u00e1tica do Setor de Ci\u00eancias Exatas; REGINA C\u00c9LIA TITOTTO\nCASTANHARO \u2014 2487241, Professora do Magist\u00e9rio Superior, lotada no Departamento\nde Terapia Ocupacional do Setor de Ci\u00eancias da Sa\u00fade; e ALESSANDRA BEL\u00c9ZIA\nARAUJO \u2014 2245704, T\u00e9cnica de Tecnologia da Informa\u00e7\u00e3o, lotada no N\u00facleo de\nAutoma\u00e7\u00e3o Document\u00e1ria do Sistema de Bibliotecas, para, sob a presid\u00eancia da\nprimeira, constitu\u00edrem Comiss\u00e3o de Processo Administrativo Disciplinar com\nvistas a dar continuidade, no prazo de 60 (sessenta) dias, a contar de 11 de\nfevereiro de 2020, aos trabalhos de apura\u00e7\u00e3o dos fatos de que trata o Processo 23075.034962\/2014-06,\ncom aproveitamento de todos os atos e provas colhidas at\u00e9 o momento, bem como\nproceder ao exame dos atos e fatos conexos que emergirem no decorrer dos\ntrabalhos.<\/p>\n\n\n\n<p style=\"text-align:right\">MANOEL\nROBERTO SILVA DE SOUZA<\/p>\n\n\n\n<p style=\"text-align:right\">Diretor\nDisciplinar<\/p>\n","protected":false},"excerpt":{"rendered":"<p>I. Sobrestar o Processo 23075.034962\/2014-06, de 16 de dezembro de 2019 at\u00e9 10 de fevereiro de 2020, em fun\u00e7\u00e3o do gozo de f\u00e9rias dos membros da Comiss\u00e3o de Processo Administrativo Disciplinar, designada inicialmente pela Portaria n\u00ba 483\/DD, de 15 de agosto de 2019.  II. Designar as servidoras ELENICE MARA MATOS NOVAK \u2014 0340962, &nbsp;Professora do Magist\u00e9rio Superior, lotada no Departamento de Inform\u00e1tica do Setor de Ci\u00eancias Exatas; REGINA C\u00c9LIA TITOTTO CASTANHARO \u2014 2487241, Professora do Magist\u00e9rio Superior, lotada no Departamento de Terapia Ocupacional do Setor de Ci\u00eancias da Sa\u00fade; e ALESSANDRA BEL\u00c9ZIA ARAUJO \u2014 2245704, T\u00e9cnica de<\/p>\n","protected":false},"author":12,"featured_media":0,"comment_status":"closed","ping_status":"closed","sticky":false,"template":"","format":"standard","meta":{"_acf_changed":false,"iawp_total_views":0,"footnotes":""},"categories":[118],"tags":[132],"class_list":["post-20844","post","type-post","status-publish","format-standard","hentry","category-dd","tag-pad-sindicancia"],"acf":[],"_links":{"self":[{"href":"https:\/\/progepe.ufpr.br\/portarias\/wp-json\/wp\/v2\/posts\/20844","targetHints":{"allow":["GET"]}}],"collection":[{"href":"https:\/\/progepe.ufpr.br\/portarias\/wp-json\/wp\/v2\/posts"}],"about":[{"href":"https:\/\/progepe.ufpr.br\/portarias\/wp-json\/wp\/v2\/types\/post"}],"author":[{"embeddable":true,"href":"https:\/\/progepe.ufpr.br\/portarias\/wp-json\/wp\/v2\/users\/12"}],"replies":[{"embeddable":true,"href":"https:\/\/progepe.ufpr.br\/portarias\/wp-json\/wp\/v2\/comments?post=20844"}],"version-history":[{"count":2,"href":"https:\/\/progepe.ufpr.br\/portarias\/wp-json\/wp\/v2\/posts\/20844\/revisions"}],"predecessor-version":[{"id":191785,"href":"https:\/\/progepe.ufpr.br\/portarias\/wp-json\/wp\/v2\/posts\/20844\/revisions\/191785"}],"wp:attachment":[{"href":"https:\/\/progepe.ufpr.br\/portarias\/wp-json\/wp\/v2\/media?parent=20844"}],"wp:term":[{"taxonomy":"category","embeddable":true,"href":"https:\/\/progepe.ufpr.br\/portarias\/wp-json\/wp\/v2\/categories?post=20844"},{"taxonomy":"post_tag","embeddable":true,"href":"https:\/\/progepe.ufpr.br\/portarias\/wp-json\/wp\/v2\/tags?post=20844"}],"curies":[{"name":"wp","href":"https:\/\/api.w.org\/{rel}","templated":true}]}}