{"id":20892,"date":"2019-12-13T10:01:00","date_gmt":"2019-12-13T13:01:00","guid":{"rendered":"http:\/\/progepe.ufpr.br\/portal\/?post_type=portarias&#038;p=20892"},"modified":"2023-08-03T12:52:08","modified_gmt":"2023-08-03T15:52:08","slug":"progepe-2019-05010","status":"publish","type":"post","link":"https:\/\/progepe.ufpr.br\/portarias\/progepe-2019-05010\/","title":{"rendered":"PORTARIA N\u00ba 05010\/PROGEPE, DE 13 DE DEZEMBRO DE 2019"},"content":{"rendered":"\n<p><strong>O Pr\u00f3-Reitor de\nGest\u00e3o de Pessoas da Universidade Federal do Paran\u00e1,<\/strong> no uso de suas atribui\u00e7\u00f5es,\ntendo em vista a compet\u00eancia que lhe \u00e9 conferida pela Portaria n\u00ba 2.590, de 26\nde setembro de 1997; o que consta no Art.\n103 da Lei n\u00ba 8.112\/90; e, o contido no processo n\u00ba 23075.087948\/2019-10,<\/p>\n\n\n\n<p>RESOLVE:<\/p>\n\n\n\n<p>Averbar, a partir de 11 de dezembro de 2019, em favor da\nservidora MARIA\nLUCIA FEITOSA &#8211; 2175615, ocupante do cargo de Enfermeira &#8211; \u00c1rea, lotada no\nServi\u00e7o de Enfermagem em Traumatologia e Ortopedia do Hospital de Cl\u00ednicas, o\ntempo de servi\u00e7o conforme listado abaixo, para fins de aposentadoria e\ndisponibilidade:<\/p>\n\n\n\n<table class=\"wp-block-table\"><tbody><tr><td>\n  EMPRESA\n  <\/td><td>\n  PER\u00cdODO\n  <\/td><td>\n  TOTAL DE DIAS\n  <\/td><\/tr><tr><td>\n  Liga Paranaense de Combate\n  ao C\u00e2ncer\n  <\/td><td>\n  15\/03\/1991 a 26\/10\/1991\n  <\/td><td>\n  226\n  <\/td><\/tr><tr><td>\n  Funda\u00e7\u00e3o da Universidade\n  Federal do Paran\u00e1 para o Desenvolvimento\n  <\/td><td>\n  05\/10\/1992 a 30\/05\/1995\n  <\/td><td>\n  968\n  <\/td><\/tr><tr><td>\n  Funda\u00e7\u00e3o da Universidade\n  Federal do Paran\u00e1 para o Desenvolvimento\n  <\/td><td>\n  28\/09\/1995 a 18\/06\/1996\n  <\/td><td>\n  265\n  <\/td><\/tr><\/tbody><\/table>\n\n\n\n<p style=\"text-align:right\">Douglas Ortiz Hamermuller<\/p>\n","protected":false},"excerpt":{"rendered":"<p>Averbar, a partir de 11 de dezembro de 2019, em favor da servidora MARIA LUCIA FEITOSA &#8211; 2175615, ocupante do cargo de Enfermeira &#8211; \u00c1rea, lotada no Servi\u00e7o de Enfermagem em Traumatologia e Ortopedia do Hospital de Cl\u00ednicas, o tempo de servi\u00e7o conforme listado abaixo, para fins de aposentadoria e disponibilidade:  <!-- wp:table \n\n<table class=\"wp-block-table\">\n\n<tbody>\n\n<tr>\n\n<td>  EMPRESA  <\/td>\n\n\n\n<td>  PER\u00cdODO  <\/td>\n\n\n\n<td>  TOTAL DE DIAS  <\/td>\n\n<\/tr>\n\n\n\n<tr>\n\n<td>  Liga Paranaense de Combate  ao C\u00e2ncer  <\/td>\n\n\n\n<td>  15\/03\/1991 a 26\/10\/1991  <\/td>\n\n\n\n<td>  226  <\/td>\n\n<\/tr>\n\n\n\n<tr>\n\n<td>  Funda\u00e7\u00e3o da Universidade  Federal do Paran\u00e1\n<\/p>\n","protected":false},"author":49,"featured_media":0,"comment_status":"closed","ping_status":"closed","sticky":false,"template":"","format":"standard","meta":{"_acf_changed":false,"iawp_total_views":0,"footnotes":""},"categories":[116],"tags":[140],"class_list":["post-20892","post","type-post","status-publish","format-standard","hentry","category-progepe","tag-averbacao-desaverbacao"],"acf":[],"_links":{"self":[{"href":"https:\/\/progepe.ufpr.br\/portarias\/wp-json\/wp\/v2\/posts\/20892","targetHints":{"allow":["GET"]}}],"collection":[{"href":"https:\/\/progepe.ufpr.br\/portarias\/wp-json\/wp\/v2\/posts"}],"about":[{"href":"https:\/\/progepe.ufpr.br\/portarias\/wp-json\/wp\/v2\/types\/post"}],"author":[{"embeddable":true,"href":"https:\/\/progepe.ufpr.br\/portarias\/wp-json\/wp\/v2\/users\/49"}],"replies":[{"embeddable":true,"href":"https:\/\/progepe.ufpr.br\/portarias\/wp-json\/wp\/v2\/comments?post=20892"}],"version-history":[{"count":1,"href":"https:\/\/progepe.ufpr.br\/portarias\/wp-json\/wp\/v2\/posts\/20892\/revisions"}],"predecessor-version":[{"id":191793,"href":"https:\/\/progepe.ufpr.br\/portarias\/wp-json\/wp\/v2\/posts\/20892\/revisions\/191793"}],"wp:attachment":[{"href":"https:\/\/progepe.ufpr.br\/portarias\/wp-json\/wp\/v2\/media?parent=20892"}],"wp:term":[{"taxonomy":"category","embeddable":true,"href":"https:\/\/progepe.ufpr.br\/portarias\/wp-json\/wp\/v2\/categories?post=20892"},{"taxonomy":"post_tag","embeddable":true,"href":"https:\/\/progepe.ufpr.br\/portarias\/wp-json\/wp\/v2\/tags?post=20892"}],"curies":[{"name":"wp","href":"https:\/\/api.w.org\/{rel}","templated":true}]}}