{"id":20991,"date":"2019-12-18T05:06:00","date_gmt":"2019-12-18T08:06:00","guid":{"rendered":"http:\/\/progepe.ufpr.br\/portal\/?post_type=portarias&#038;p=20991"},"modified":"2023-08-03T13:17:05","modified_gmt":"2023-08-03T16:17:05","slug":"rt-2019-01227","status":"publish","type":"post","link":"https:\/\/progepe.ufpr.br\/portarias\/rt-2019-01227\/","title":{"rendered":"PORTARIA N\u00ba 01227\/REITORIA, DE 13 DE DEZEMBRO DE 2019"},"content":{"rendered":"\n<p><strong>O Reitor da Universidade Federal do Paran\u00e1, <\/strong>no uso de suas atribui\u00e7\u00f5es considerando o que consta no artigo 9\u00ba, inciso II da Lei n\u00ba 8.112\/90 e tendo em vista o que consta no processo n\u00ba 23075.083188\/2019-63, <\/p>\n\n\n\n<p>RESOLVE: <\/p>\n\n\n\n<p>I.&nbsp;Nomear, a partir da data de publica\u00e7\u00e3o em DOU desta Portaria, o\nservidor ENIO DE SOUZA LIMA&nbsp;&#8211; 1169954, ocupante do cargo de Assistente em\nAdministra\u00e7\u00e3o, lotado&nbsp;na Se\u00e7\u00e3o de Pol\u00edticas Afirmativas, Assuntos\nEstudantis e Comunit\u00e1rios&nbsp;do&nbsp;Setor&nbsp;Litoral, no regime de\ntrabalho de 40 (quarenta) horas semanais, para exercer a fun\u00e7\u00e3o gratificada de\nCoordenador da Se\u00e7\u00e3o de Arquitetura, FG-03, do Setor Litoral, autorizada pela\nMedida Provis\u00f3ria n\u00ba 1.534\/96, regulamentada pela Portaria Interministerial n\u00ba\n1.407\/96-MEC\/MARE.<\/p>\n\n\n\n<p>II.O mencionado servidor cumprir\u00e1, obrigatoriamente, o regime de\ntrabalho de tempo integral, de acordo com o disposto no \u00a7 5\u00ba, artigo 1\u00ba da Lei\nn\u00ba 8.168\/91.<\/p>\n\n\n\n<p>III. Assim que for exonerado da citada fun\u00e7\u00e3o, a lota\u00e7\u00e3o de exerc\u00edcio do\nservidor volta a ser a Se\u00e7\u00e3o de Pol\u00edticas Afirmativas, Assuntos Estudantis e\nComunit\u00e1rios&nbsp;do&nbsp;Setor&nbsp;Litoral.<\/p>\n\n\n\n<p style=\"text-align:right\"><strong>RICARDO MARCELO FONSECA<\/strong><\/p>\n","protected":false},"excerpt":{"rendered":"<p>O Reitor da Universidade Federal do Paran\u00e1, no uso de suas atribui\u00e7\u00f5es considerando o que consta no artigo 9\u00ba, inciso II da Lei n\u00ba 8.112\/90 e tendo em vista o que consta no processo n\u00ba 23075.083188\/2019-63, RESOLVE: I.&nbsp;Nomear, a partir da data de publica\u00e7\u00e3o em DOU desta Portaria, o servidor ENIO DE SOUZA LIMA&nbsp;&#8211; 1169954, [&hellip;]<\/p>\n","protected":false},"author":50,"featured_media":0,"comment_status":"closed","ping_status":"closed","sticky":false,"template":"","format":"standard","meta":{"_acf_changed":false,"iawp_total_views":0,"footnotes":""},"categories":[117],"tags":[120],"class_list":["post-20991","post","type-post","status-publish","format-standard","hentry","category-rt","tag-funcao"],"acf":[],"_links":{"self":[{"href":"https:\/\/progepe.ufpr.br\/portarias\/wp-json\/wp\/v2\/posts\/20991","targetHints":{"allow":["GET"]}}],"collection":[{"href":"https:\/\/progepe.ufpr.br\/portarias\/wp-json\/wp\/v2\/posts"}],"about":[{"href":"https:\/\/progepe.ufpr.br\/portarias\/wp-json\/wp\/v2\/types\/post"}],"author":[{"embeddable":true,"href":"https:\/\/progepe.ufpr.br\/portarias\/wp-json\/wp\/v2\/users\/50"}],"replies":[{"embeddable":true,"href":"https:\/\/progepe.ufpr.br\/portarias\/wp-json\/wp\/v2\/comments?post=20991"}],"version-history":[{"count":1,"href":"https:\/\/progepe.ufpr.br\/portarias\/wp-json\/wp\/v2\/posts\/20991\/revisions"}],"predecessor-version":[{"id":191802,"href":"https:\/\/progepe.ufpr.br\/portarias\/wp-json\/wp\/v2\/posts\/20991\/revisions\/191802"}],"wp:attachment":[{"href":"https:\/\/progepe.ufpr.br\/portarias\/wp-json\/wp\/v2\/media?parent=20991"}],"wp:term":[{"taxonomy":"category","embeddable":true,"href":"https:\/\/progepe.ufpr.br\/portarias\/wp-json\/wp\/v2\/categories?post=20991"},{"taxonomy":"post_tag","embeddable":true,"href":"https:\/\/progepe.ufpr.br\/portarias\/wp-json\/wp\/v2\/tags?post=20991"}],"curies":[{"name":"wp","href":"https:\/\/api.w.org\/{rel}","templated":true}]}}