{"id":20997,"date":"2019-12-18T05:04:00","date_gmt":"2019-12-18T08:04:00","guid":{"rendered":"http:\/\/progepe.ufpr.br\/portal\/?post_type=portarias&#038;p=20997"},"modified":"2023-08-03T13:17:05","modified_gmt":"2023-08-03T16:17:05","slug":"rt-2019-01225","status":"publish","type":"post","link":"https:\/\/progepe.ufpr.br\/portarias\/rt-2019-01225\/","title":{"rendered":"PORTARIA N\u00ba 01225\/REITORIA, DE 13 DE DEZEMBRO DE 2019"},"content":{"rendered":"\n<p><strong>O Reitor da Universidade Federal do Paran\u00e1, <\/strong>no uso de suas atribui\u00e7\u00f5es, tendo em vista o que consta no artigo 50, \u00a7 1\u00ba do Estatuto desta Universidade e o que consta no processo n\u00ba 23075.078025\/2019-69, <\/p>\n\n\n\n<p>RESOLVE:<\/p>\n\n\n\n<p>I.&nbsp;Nomear o servidor&nbsp;BERNARDO REGO BARROS DE ALMEIDA\nLEITE&nbsp;&#8211; 1957557, ocupante do cargo de Professor, no regime de trabalho de\ndedica\u00e7\u00e3o exclusiva, para exercer a fun\u00e7\u00e3o de Coordenador de Curso de Gradua\u00e7\u00e3o\ndo Setor de Tecnologia, FCC \u2013 Fun\u00e7\u00e3o Comissionada de Coordena\u00e7\u00e3o de Curso\n(Curso de Engenharia El\u00e9trica), autorizada pela Lei n\u00ba 12.677, de 25 de junho\nde 2012, publicado no DOU de 26.06.2012 e Portaria\/MEC n\u00ba 1.172, de 17 de\nsetembro de 2012, pelo per\u00edodo de 02 (dois) anos, a partir da data de\npublica\u00e7\u00e3o em DOU, de acordo com a Lei n\u00ba 9.527\/97.<\/p>\n\n\n\n<p>II.&nbsp;O mencionado docente cumprir\u00e1, obrigatoriamente, o regime de\ntrabalho de tempo integral, de acordo com o disposto no \u00a7 5\u00ba, artigo 1\u00ba da Lei\nn\u00ba 8.168\/91.<\/p>\n\n\n\n<p style=\"text-align:right\"><strong>RICARDO MARCELO FONSECA<\/strong><\/p>\n\n\n\n<p> <\/p>\n","protected":false},"excerpt":{"rendered":"<p>I.&nbsp;Nomear o servidor&nbsp;BERNARDO REGO BARROS DE ALMEIDA LEITE&nbsp;&#8211; 1957557, ocupante do cargo de Professor, no regime de trabalho de dedica\u00e7\u00e3o exclusiva, para exercer a fun\u00e7\u00e3o de Coordenador de Curso de Gradua\u00e7\u00e3o do Setor de Tecnologia, FCC \u2013 Fun\u00e7\u00e3o Comissionada de Coordena\u00e7\u00e3o de Curso (Curso de Engenharia El\u00e9trica), autorizada pela Lei n\u00ba 12.677, de 25 de junho de 2012, publicado no DOU de 26.06.2012 e Portaria\/MEC n\u00ba 1.172, de 17 de setembro de 2012, pelo per\u00edodo de 02 (dois) anos, a partir da data de publica\u00e7\u00e3o em DOU, de acordo com a Lei n\u00ba 9.527\/97.  II.&nbsp;O mencionado docente<\/p>\n","protected":false},"author":50,"featured_media":0,"comment_status":"closed","ping_status":"closed","sticky":false,"template":"","format":"standard","meta":{"_acf_changed":false,"iawp_total_views":0,"footnotes":""},"categories":[117],"tags":[120],"class_list":["post-20997","post","type-post","status-publish","format-standard","hentry","category-rt","tag-funcao"],"acf":[],"_links":{"self":[{"href":"https:\/\/progepe.ufpr.br\/portarias\/wp-json\/wp\/v2\/posts\/20997","targetHints":{"allow":["GET"]}}],"collection":[{"href":"https:\/\/progepe.ufpr.br\/portarias\/wp-json\/wp\/v2\/posts"}],"about":[{"href":"https:\/\/progepe.ufpr.br\/portarias\/wp-json\/wp\/v2\/types\/post"}],"author":[{"embeddable":true,"href":"https:\/\/progepe.ufpr.br\/portarias\/wp-json\/wp\/v2\/users\/50"}],"replies":[{"embeddable":true,"href":"https:\/\/progepe.ufpr.br\/portarias\/wp-json\/wp\/v2\/comments?post=20997"}],"version-history":[{"count":1,"href":"https:\/\/progepe.ufpr.br\/portarias\/wp-json\/wp\/v2\/posts\/20997\/revisions"}],"predecessor-version":[{"id":191803,"href":"https:\/\/progepe.ufpr.br\/portarias\/wp-json\/wp\/v2\/posts\/20997\/revisions\/191803"}],"wp:attachment":[{"href":"https:\/\/progepe.ufpr.br\/portarias\/wp-json\/wp\/v2\/media?parent=20997"}],"wp:term":[{"taxonomy":"category","embeddable":true,"href":"https:\/\/progepe.ufpr.br\/portarias\/wp-json\/wp\/v2\/categories?post=20997"},{"taxonomy":"post_tag","embeddable":true,"href":"https:\/\/progepe.ufpr.br\/portarias\/wp-json\/wp\/v2\/tags?post=20997"}],"curies":[{"name":"wp","href":"https:\/\/api.w.org\/{rel}","templated":true}]}}