{"id":21213,"date":"2019-12-18T05:08:00","date_gmt":"2019-12-18T08:08:00","guid":{"rendered":"http:\/\/progepe.ufpr.br\/portal\/?post_type=portarias&#038;p=21213"},"modified":"2023-08-03T13:17:06","modified_gmt":"2023-08-03T16:17:06","slug":"rt-2019-01229","status":"publish","type":"post","link":"https:\/\/progepe.ufpr.br\/portarias\/rt-2019-01229\/","title":{"rendered":"PORTARIA N\u00ba 01229\/REITORIA, DE 13 DE DEZEMBRO DE 2019"},"content":{"rendered":"\n<p><strong>O Reitor da Universidade Federal do Paran\u00e1,<\/strong> no uso de\nsuas atribui\u00e7\u00f5es e considerando o que consta no processo n\u00ba 23075.087087\/2019-61,<\/p>\n\n\n\n<p>RESOLVE:<\/p>\n\n\n\n<p>Tornar\nsem efeito a Portaria n\u00ba 1.194\/REITORIA, de 06 de dezembro de 2019, publicada\nno DOU de 11.12.2019, Se\u00e7\u00e3o 2, p\u00e1g. 32, referente \u00e0 nomea\u00e7\u00e3o em car\u00e1ter efetivo\nde KLEVERSON MACHADO DA SILVA, para o cargo de Analista de Tecnologia da\nInforma\u00e7\u00e3o, na vaga de c\u00f3digo n\u00ba 976130, tendo\nem vista a desist\u00eancia do mesmo em assumir o cargo.<\/p>\n\n\n\n<p style=\"text-align:right\">Ricardo\nMarcelo Fonseca<\/p>\n","protected":false},"excerpt":{"rendered":"<p>Tornar sem efeito a Portaria n\u00ba 1.194\/REITORIA, de 06 de dezembro de 2019, publicada no DOU de 11.12.2019, Se\u00e7\u00e3o 2, p\u00e1g. 32, referente \u00e0 nomea\u00e7\u00e3o em car\u00e1ter efetivo de KLEVERSON MACHADO DA SILVA, para o cargo de Analista de Tecnologia da Informa\u00e7\u00e3o, na vaga de c\u00f3digo n\u00ba 976130, tendo em vista a desist\u00eancia do mesmo em assumir o cargo.  <!-- wp:paragraph {\"align\":\"right\"} \n\n<p style=\"text-align:right\">Ricardo Marcelo Fonseca\n<\/p>\n","protected":false},"author":49,"featured_media":0,"comment_status":"closed","ping_status":"closed","sticky":false,"template":"","format":"standard","meta":{"_acf_changed":false,"iawp_total_views":0,"footnotes":""},"categories":[117],"tags":[121],"class_list":["post-21213","post","type-post","status-publish","format-standard","hentry","category-rt","tag-nomeacao"],"acf":[],"_links":{"self":[{"href":"https:\/\/progepe.ufpr.br\/portarias\/wp-json\/wp\/v2\/posts\/21213","targetHints":{"allow":["GET"]}}],"collection":[{"href":"https:\/\/progepe.ufpr.br\/portarias\/wp-json\/wp\/v2\/posts"}],"about":[{"href":"https:\/\/progepe.ufpr.br\/portarias\/wp-json\/wp\/v2\/types\/post"}],"author":[{"embeddable":true,"href":"https:\/\/progepe.ufpr.br\/portarias\/wp-json\/wp\/v2\/users\/49"}],"replies":[{"embeddable":true,"href":"https:\/\/progepe.ufpr.br\/portarias\/wp-json\/wp\/v2\/comments?post=21213"}],"version-history":[{"count":1,"href":"https:\/\/progepe.ufpr.br\/portarias\/wp-json\/wp\/v2\/posts\/21213\/revisions"}],"predecessor-version":[{"id":191830,"href":"https:\/\/progepe.ufpr.br\/portarias\/wp-json\/wp\/v2\/posts\/21213\/revisions\/191830"}],"wp:attachment":[{"href":"https:\/\/progepe.ufpr.br\/portarias\/wp-json\/wp\/v2\/media?parent=21213"}],"wp:term":[{"taxonomy":"category","embeddable":true,"href":"https:\/\/progepe.ufpr.br\/portarias\/wp-json\/wp\/v2\/categories?post=21213"},{"taxonomy":"post_tag","embeddable":true,"href":"https:\/\/progepe.ufpr.br\/portarias\/wp-json\/wp\/v2\/tags?post=21213"}],"curies":[{"name":"wp","href":"https:\/\/api.w.org\/{rel}","templated":true}]}}