{"id":21378,"date":"2019-12-13T10:03:00","date_gmt":"2019-12-13T13:03:00","guid":{"rendered":"http:\/\/progepe.ufpr.br\/portal\/?post_type=portarias&#038;p=21378"},"modified":"2023-08-03T12:52:09","modified_gmt":"2023-08-03T15:52:09","slug":"progepe-2019-05012","status":"publish","type":"post","link":"https:\/\/progepe.ufpr.br\/portarias\/progepe-2019-05012\/","title":{"rendered":"PORTARIA N\u00ba 05012\/PROGEPE, DE 13 DE DEZEMBRO DE 2019"},"content":{"rendered":"\n<p><strong>O\nPr\u00f3-Reitor de Gest\u00e3o de Pessoas da Universidade Federal do Paran\u00e1<\/strong>,\nno uso de suas atribui\u00e7\u00f5es, que lhe\nconfere ato normativo Portaria n. 2.590\/REITORIA, de 26 de setembro de 1997 e\nconsiderando o disposto em ATO DE CONCESS\u00c3O n\u00ba 169 de 04\/09\/2017:<\/p>\n\n\n\n<p>RESOLVE:<\/p>\n\n\n\n<p>Conceder o\nadicional ocupacional, conforme listado, tendo em vista: a) Processo:\n23075.084429\/2019-91; e, b) Parecer T\u00e9cnico: 368\/2019-UST.<\/p>\n\n\n\n<p>Servidor: KATIA\nAPARECIDA RODRIGUES DE OLIVEIRA. Cargo: AUXILIAR DE ENFERMAGEM.\nLota\u00e7\u00e3o: 615 &#8211; HC\/DAS\/UOF &#8211; CENTRO\nDA VISAO. Adicional: INSALUBRIDADE GRAU M\u00c9DIO. In\u00edcio da\nConcess\u00e3o: 01\/12\/2019.<\/p>\n\n\n\n<p style=\"text-align:right\">Douglas Ortiz Hamermuller<\/p>\n","protected":false},"excerpt":{"rendered":"<p>Conceder o adicional ocupacional, conforme listado, tendo em vista: a) Processo: 23075.084429\/2019-91; e, b) Parecer T\u00e9cnico: 368\/2019-UST.  Servidor: KATIA APARECIDA RODRIGUES DE OLIVEIRA. Cargo: AUXILIAR DE ENFERMAGEM. Lota\u00e7\u00e3o: 615 &#8211; HC\/DAS\/UOF &#8211; CENTRO DA VISAO. Adicional: INSALUBRIDADE GRAU M\u00c9DIO. In\u00edcio da Concess\u00e3o: 01\/12\/2019.  <!-- wp:paragraph {\"align\":\"right\"} \n\n<p style=\"text-align:right\">Douglas Ortiz Hamermuller\n<\/p>\n","protected":false},"author":49,"featured_media":0,"comment_status":"closed","ping_status":"closed","sticky":false,"template":"","format":"standard","meta":{"_acf_changed":false,"iawp_total_views":0,"footnotes":""},"categories":[116],"tags":[139],"class_list":["post-21378","post","type-post","status-publish","format-standard","hentry","category-progepe","tag-adicional"],"acf":[],"_links":{"self":[{"href":"https:\/\/progepe.ufpr.br\/portarias\/wp-json\/wp\/v2\/posts\/21378","targetHints":{"allow":["GET"]}}],"collection":[{"href":"https:\/\/progepe.ufpr.br\/portarias\/wp-json\/wp\/v2\/posts"}],"about":[{"href":"https:\/\/progepe.ufpr.br\/portarias\/wp-json\/wp\/v2\/types\/post"}],"author":[{"embeddable":true,"href":"https:\/\/progepe.ufpr.br\/portarias\/wp-json\/wp\/v2\/users\/49"}],"replies":[{"embeddable":true,"href":"https:\/\/progepe.ufpr.br\/portarias\/wp-json\/wp\/v2\/comments?post=21378"}],"version-history":[{"count":1,"href":"https:\/\/progepe.ufpr.br\/portarias\/wp-json\/wp\/v2\/posts\/21378\/revisions"}],"predecessor-version":[{"id":191857,"href":"https:\/\/progepe.ufpr.br\/portarias\/wp-json\/wp\/v2\/posts\/21378\/revisions\/191857"}],"wp:attachment":[{"href":"https:\/\/progepe.ufpr.br\/portarias\/wp-json\/wp\/v2\/media?parent=21378"}],"wp:term":[{"taxonomy":"category","embeddable":true,"href":"https:\/\/progepe.ufpr.br\/portarias\/wp-json\/wp\/v2\/categories?post=21378"},{"taxonomy":"post_tag","embeddable":true,"href":"https:\/\/progepe.ufpr.br\/portarias\/wp-json\/wp\/v2\/tags?post=21378"}],"curies":[{"name":"wp","href":"https:\/\/api.w.org\/{rel}","templated":true}]}}