{"id":21927,"date":"2019-12-19T10:06:00","date_gmt":"2019-12-19T13:06:00","guid":{"rendered":"http:\/\/progepe.ufpr.br\/portal\/?post_type=portarias&#038;p=21927"},"modified":"2023-08-03T12:52:15","modified_gmt":"2023-08-03T15:52:15","slug":"progepe-2019-05060","status":"publish","type":"post","link":"https:\/\/progepe.ufpr.br\/portarias\/progepe-2019-05060\/","title":{"rendered":"PORTARIA N\u00ba 05060\/PROGEPE, DE 19 DE DEZEMBRO DE 2019"},"content":{"rendered":"\n<p><strong>O Pr\u00f3-Reitor de Gest\u00e3o de Pessoas da Universidade Federal do Paran\u00e1<\/strong><strong>,<\/strong> no uso de suas atribui\u00e7\u00f5es, tendo em vista a\ncompet\u00eancia que lhe \u00e9 conferida pela Portaria n\u00ba 2.590, de 26 de setembro de\n1997 e considerando o que consta no processo n\u00ba 23075.054119\/2019-42,<\/p>\n\n\n\n<p>RESOLVE:<\/p>\n\n\n\n<p>Alterar a Portaria n\u00ba 4.350\/PROGEPE, de 25 de outubro de\n2019, publicada no DOU de 01.11.2019, Se\u00e7\u00e3o 2, p\u00e1g. 67, para constar que a\naposentadoria de TANIA\nMARIA PEREIRA CUNNINGHAM &#8211; 1203600,\na partir de 01 de novembro de 2019, data da aposentadoria conforme atesta o\nlaudo m\u00e9dico n\u00ba 0.219.079\/2019-SIASS, e de acordo com o Art. 190 da Lei n\u00ba 8.112\/1990,\ncom a nova reda\u00e7\u00e3o dada pela Medida Provis\u00f3ria n\u00ba 441\/2008, convertida na Lei\nn\u00ba 11.907\/2009, passa a ser com proventos integrais.<\/p>\n\n\n\n<p style=\"text-align:right\">Douglas Ortiz\nHamermuller<\/p>\n","protected":false},"excerpt":{"rendered":"<p>Alterar a Portaria n\u00ba 4.350\/PROGEPE, de 25 de outubro de 2019, publicada no DOU de 01.11.2019, Se\u00e7\u00e3o 2, p\u00e1g. 67, para constar que a aposentadoria de TANIA MARIA PEREIRA CUNNINGHAM &#8211; 1203600, a partir de 01 de novembro de 2019, data da aposentadoria conforme atesta o laudo m\u00e9dico n\u00ba 0.219.079\/2019-SIASS, e de acordo com o Art. 190 da Lei n\u00ba 8.112\/1990, com a nova reda\u00e7\u00e3o dada pela Medida Provis\u00f3ria n\u00ba 441\/2008, convertida na Lei n\u00ba 11.907\/2009, passa a ser com proventos integrais.  <!-- wp:paragraph {\"align\":\"right\"} \n\n<p style=\"text-align:right\">Douglas Ortiz Hamermuller\n<\/p>\n","protected":false},"author":49,"featured_media":0,"comment_status":"closed","ping_status":"closed","sticky":false,"template":"","format":"standard","meta":{"_acf_changed":false,"iawp_total_views":0,"footnotes":""},"categories":[116],"tags":[125],"class_list":["post-21927","post","type-post","status-publish","format-standard","hentry","category-progepe","tag-aposentadoria"],"acf":[],"_links":{"self":[{"href":"https:\/\/progepe.ufpr.br\/portarias\/wp-json\/wp\/v2\/posts\/21927","targetHints":{"allow":["GET"]}}],"collection":[{"href":"https:\/\/progepe.ufpr.br\/portarias\/wp-json\/wp\/v2\/posts"}],"about":[{"href":"https:\/\/progepe.ufpr.br\/portarias\/wp-json\/wp\/v2\/types\/post"}],"author":[{"embeddable":true,"href":"https:\/\/progepe.ufpr.br\/portarias\/wp-json\/wp\/v2\/users\/49"}],"replies":[{"embeddable":true,"href":"https:\/\/progepe.ufpr.br\/portarias\/wp-json\/wp\/v2\/comments?post=21927"}],"version-history":[{"count":1,"href":"https:\/\/progepe.ufpr.br\/portarias\/wp-json\/wp\/v2\/posts\/21927\/revisions"}],"predecessor-version":[{"id":191930,"href":"https:\/\/progepe.ufpr.br\/portarias\/wp-json\/wp\/v2\/posts\/21927\/revisions\/191930"}],"wp:attachment":[{"href":"https:\/\/progepe.ufpr.br\/portarias\/wp-json\/wp\/v2\/media?parent=21927"}],"wp:term":[{"taxonomy":"category","embeddable":true,"href":"https:\/\/progepe.ufpr.br\/portarias\/wp-json\/wp\/v2\/categories?post=21927"},{"taxonomy":"post_tag","embeddable":true,"href":"https:\/\/progepe.ufpr.br\/portarias\/wp-json\/wp\/v2\/tags?post=21927"}],"curies":[{"name":"wp","href":"https:\/\/api.w.org\/{rel}","templated":true}]}}