{"id":22116,"date":"2020-01-02T05:17:00","date_gmt":"2020-01-02T08:17:00","guid":{"rendered":"http:\/\/progepe.ufpr.br\/portal\/?post_type=portarias&#038;p=22116"},"modified":"2023-08-03T13:17:18","modified_gmt":"2023-08-03T16:17:18","slug":"rt-2019-01311","status":"publish","type":"post","link":"https:\/\/progepe.ufpr.br\/portarias\/rt-2019-01311\/","title":{"rendered":"PORTARIA N\u00ba 01311\/REITORIA, DE 30 DE DEZEMBRO DE 2019"},"content":{"rendered":"\n<p><strong>A Vice-Reitora da Universidade Federal do Paran\u00e1, no exerc\u00edcio do cargo de Reitora,<\/strong>  no uso de suas atribui\u00e7\u00f5es, tendo em vista a compet\u00eancia que lhe \u00e9  conferida pela Portaria n\u00ba 1.427\/MEC, de 06 de agosto de 2019, publicada  no DOU de 07.08.2019; considerando o que consta no Art. 9\u00ba, inciso I da  Lei n\u00ba 8.112\/90; autorizado pelo Decreto n\u00ba 7.232, de 19 de julho de  2010, publicado no DOU de 20.07.2010; Portaria Interministerial n\u00ba 111,  de 02 de abril de 2014, publicada no DOU de 03.04.2014; e, o que consta  no processo n\u00ba 23075.090472\/2019-96, <\/p>\n\n\n\n<p>RESOLVE:<\/p>\n\n\n\n<p> Nomear em car\u00e1ter efetivo, LILIAN WRZESINSKI SIMON, habilitada em  concurso p\u00fablico realizado por esta Institui\u00e7\u00e3o, homologado em  20.12.2019, para o cargo de Administradora, n\u00edvel de Classifica\u00e7\u00e3o E,  n\u00edvel de Capacita\u00e7\u00e3o I, padr\u00e3o de Vencimento 01, no regime de trabalho  de 40 (quarenta) horas semanais, lota\u00e7\u00e3o em Matinhos\/PR, na vaga de  c\u00f3digo n\u00ba 975973. <\/p>\n\n\n\n<p style=\"text-align:right\"><strong>GRACIELA INES BOLZON DE MUNIZ<\/strong><\/p>\n","protected":false},"excerpt":{"rendered":"<p>Nomear em car\u00e1ter efetivo, LILIAN WRZESINSKI SIMON, habilitada em concurso p\u00fablico realizado por esta Institui\u00e7\u00e3o, homologado em 20.12.2019, para o cargo de Administradora, n\u00edvel de Classifica\u00e7\u00e3o E, n\u00edvel de Capacita\u00e7\u00e3o I, padr\u00e3o de Vencimento 01, no regime de trabalho de 40 (quarenta) horas semanais, lota\u00e7\u00e3o em Matinhos\/PR, na vaga de c\u00f3digo n\u00ba 975973.  <!-- wp:paragraph {\"align\":\"right\"} \n\n<p style=\"text-align:right\"><strong>GRACIELA INES BOLZON DE MUNIZ<\/strong>\n<\/p>\n","protected":false},"author":48,"featured_media":0,"comment_status":"closed","ping_status":"closed","sticky":false,"template":"","format":"standard","meta":{"_acf_changed":false,"iawp_total_views":0,"footnotes":""},"categories":[117],"tags":[121],"class_list":["post-22116","post","type-post","status-publish","format-standard","hentry","category-rt","tag-nomeacao"],"acf":[],"_links":{"self":[{"href":"https:\/\/progepe.ufpr.br\/portarias\/wp-json\/wp\/v2\/posts\/22116","targetHints":{"allow":["GET"]}}],"collection":[{"href":"https:\/\/progepe.ufpr.br\/portarias\/wp-json\/wp\/v2\/posts"}],"about":[{"href":"https:\/\/progepe.ufpr.br\/portarias\/wp-json\/wp\/v2\/types\/post"}],"author":[{"embeddable":true,"href":"https:\/\/progepe.ufpr.br\/portarias\/wp-json\/wp\/v2\/users\/48"}],"replies":[{"embeddable":true,"href":"https:\/\/progepe.ufpr.br\/portarias\/wp-json\/wp\/v2\/comments?post=22116"}],"version-history":[{"count":1,"href":"https:\/\/progepe.ufpr.br\/portarias\/wp-json\/wp\/v2\/posts\/22116\/revisions"}],"predecessor-version":[{"id":191955,"href":"https:\/\/progepe.ufpr.br\/portarias\/wp-json\/wp\/v2\/posts\/22116\/revisions\/191955"}],"wp:attachment":[{"href":"https:\/\/progepe.ufpr.br\/portarias\/wp-json\/wp\/v2\/media?parent=22116"}],"wp:term":[{"taxonomy":"category","embeddable":true,"href":"https:\/\/progepe.ufpr.br\/portarias\/wp-json\/wp\/v2\/categories?post=22116"},{"taxonomy":"post_tag","embeddable":true,"href":"https:\/\/progepe.ufpr.br\/portarias\/wp-json\/wp\/v2\/tags?post=22116"}],"curies":[{"name":"wp","href":"https:\/\/api.w.org\/{rel}","templated":true}]}}