{"id":22500,"date":"2020-01-02T05:16:00","date_gmt":"2020-01-02T08:16:00","guid":{"rendered":"http:\/\/progepe.ufpr.br\/portal\/?post_type=portarias&#038;p=22500"},"modified":"2023-08-03T13:17:18","modified_gmt":"2023-08-03T16:17:18","slug":"rt-2019-01290","status":"publish","type":"post","link":"https:\/\/progepe.ufpr.br\/portarias\/rt-2019-01290\/","title":{"rendered":"PORTARIA N\u00ba 01290\/REITORIA, DE 23 DE DEZEMBRO DE 2019"},"content":{"rendered":"\r\n<p><strong>O Reitor da Universidade Federal do Paran\u00e1, <\/strong>no uso de suas atribui\u00e7\u00f5es e tendo em vista o que consta no processo n\u00ba 23075.084537\/2019-64,<\/p>\r\n\r\n\r\n\r\n<p>RESOLVE:<\/p>\r\n\r\n\r\n\r\n<p>Designar como representantes discentes junto ao Conselho de Ensino, Pesquisa e Extens\u00e3o &#8211; CEPE e ao Conselho de Planejamento e Administra\u00e7\u00e3o &#8211; COPLAD, os seguintes membros pelo per\u00edodo indicado:<\/p>\r\n\r\n\r\n\r\n<p><strong>Conselho de Ensino, Pesquisa e Extens\u00e3o &#8211; CEPE<\/strong><\/p>\r\n\r\n\r\n\r\n<p>(Per\u00edodo: 12\/12\/2019 a 11\/12\/2020)<\/p>\r\n\r\n\r\n\r\n<p><strong>Titulares:<\/strong><\/p>\r\n\r\n\r\n\r\n<p>BERNARDO PASSERINO SZVAR\u00c7A<\/p>\r\n\r\n\r\n\r\n<p>CAMILA GARCIA<\/p>\r\n\r\n\r\n\r\n<p>DANIELLE WILLEMAN SUTIL DE OLIVEIRA<\/p>\r\n\r\n\r\n\r\n<p>GABRIEL ANTONIASSI MARROCOS DE ANDRADE<\/p>\r\n\r\n\r\n\r\n<p>MARCOS VINICIUS GANDRA DE SOUZA<\/p>\r\n\r\n\r\n\r\n<p><strong>Suplentes:<\/strong><\/p>\r\n\r\n\r\n\r\n<p>BRUNO NICOLATE MATIORO<\/p>\r\n\r\n\r\n\r\n<p>LUCAS MARTINS DE ALMEIDA<\/p>\r\n\r\n\r\n\r\n<p>MARLON HENRIQUE HAHN<\/p>\r\n\r\n\r\n\r\n<p>ISABELLE BOROWSKI<\/p>\r\n\r\n\r\n\r\n<p>LOYSI CRYSTINE LIIDER<\/p>\r\n\r\n\r\n\r\n<p><strong>Conselho de Planejamento e Administra\u00e7\u00e3o &#8211; COPLAD<\/strong><\/p>\r\n\r\n\r\n\r\n<p>(Per\u00edodo: 11\/12\/2019 A 10\/12\/2020)<\/p>\r\n\r\n\r\n\r\n<p><strong>Titulares:<\/strong><\/p>\r\n\r\n\r\n\r\n<p>EDUARDA GROFF WEISS<\/p>\r\n\r\n\r\n\r\n<p>EDUARDO WYSOCKI MARTINS ROSA<\/p>\r\n\r\n\r\n\r\n<p>GUILHERME FRANCISCO FERRACI SILVA<\/p>\r\n\r\n\r\n\r\n<p>HERMANO TOLLENDAL CASTILHO DE BARROS<\/p>\r\n\r\n\r\n\r\n<p><strong>Suplentes:<\/strong><\/p>\r\n\r\n\r\n\r\n<p>JULIANA DANN KULIK<\/p>\r\n\r\n\r\n\r\n<p>JOAO VITOR GIORDANO<\/p>\r\n\r\n\r\n\r\n<p>MICHELY KARINE KLEIN<\/p>\r\n\r\n\r\n\r\n<p>ELIANA CAMARGO PESTANA<\/p>\r\n\r\n\r\n\r\n<p style=\"text-align: right\"><strong>RICARDO MARCELO FONSECA<\/strong><\/p>\r\n","protected":false},"excerpt":{"rendered":"<p>Designar como representantes discentes junto ao Conselho de Ensino, Pesquisa e Extens\u00e3o &#8211; CEPE e ao Conselho de Planejamento e Administra\u00e7\u00e3o &#8211; COPLAD, os seguintes membros pelo per\u00edodo indicado:    <strong>Conselho de Ensino, Pesquisa e Extens\u00e3o &#8211; CEPE<\/strong>    (Per\u00edodo: 12\/12\/2019 a 11\/12\/2020)    <strong>Titulares:<\/strong>    BERNARDO PASSERINO SZVAR\u00c7A    CAMILA GARCIA    DANIELLE WILLEMAN SUTIL DE OLIVEIRA    GABRIEL ANTONIASSI MARROCOS DE ANDRADE    MARCOS VINICIUS GANDRA DE SOUZA    <strong>Suplentes:<\/strong>    BRUNO NICOLATE MATIORO<\/p>\n","protected":false},"author":50,"featured_media":0,"comment_status":"closed","ping_status":"closed","sticky":false,"template":"","format":"standard","meta":{"_acf_changed":false,"iawp_total_views":0,"footnotes":""},"categories":[117],"tags":[126],"class_list":["post-22500","post","type-post","status-publish","format-standard","hentry","category-rt","tag-representante"],"acf":[],"_links":{"self":[{"href":"https:\/\/progepe.ufpr.br\/portarias\/wp-json\/wp\/v2\/posts\/22500","targetHints":{"allow":["GET"]}}],"collection":[{"href":"https:\/\/progepe.ufpr.br\/portarias\/wp-json\/wp\/v2\/posts"}],"about":[{"href":"https:\/\/progepe.ufpr.br\/portarias\/wp-json\/wp\/v2\/types\/post"}],"author":[{"embeddable":true,"href":"https:\/\/progepe.ufpr.br\/portarias\/wp-json\/wp\/v2\/users\/50"}],"replies":[{"embeddable":true,"href":"https:\/\/progepe.ufpr.br\/portarias\/wp-json\/wp\/v2\/comments?post=22500"}],"version-history":[{"count":1,"href":"https:\/\/progepe.ufpr.br\/portarias\/wp-json\/wp\/v2\/posts\/22500\/revisions"}],"predecessor-version":[{"id":191993,"href":"https:\/\/progepe.ufpr.br\/portarias\/wp-json\/wp\/v2\/posts\/22500\/revisions\/191993"}],"wp:attachment":[{"href":"https:\/\/progepe.ufpr.br\/portarias\/wp-json\/wp\/v2\/media?parent=22500"}],"wp:term":[{"taxonomy":"category","embeddable":true,"href":"https:\/\/progepe.ufpr.br\/portarias\/wp-json\/wp\/v2\/categories?post=22500"},{"taxonomy":"post_tag","embeddable":true,"href":"https:\/\/progepe.ufpr.br\/portarias\/wp-json\/wp\/v2\/tags?post=22500"}],"curies":[{"name":"wp","href":"https:\/\/api.w.org\/{rel}","templated":true}]}}