{"id":22506,"date":"2020-01-02T05:15:00","date_gmt":"2020-01-02T08:15:00","guid":{"rendered":"http:\/\/progepe.ufpr.br\/portal\/?post_type=portarias&#038;p=22506"},"modified":"2023-08-03T13:17:18","modified_gmt":"2023-08-03T16:17:18","slug":"rt-2019-01289","status":"publish","type":"post","link":"https:\/\/progepe.ufpr.br\/portarias\/rt-2019-01289\/","title":{"rendered":"PORTARIA N\u00ba 01289\/REITORIA, DE 23 DE DEZEMBRO DE 2019"},"content":{"rendered":"\n<p><strong>O Reitor da Universidade Federal do Paran\u00e1, <\/strong>no uso de suas atribui\u00e7\u00f5es e tendo em vista o que consta no processo n\u00ba 23075.069921\/2019-37, <\/p>\n\n\n\n<p>RESOLVE: <\/p>\n\n\n\n<p>Designar os servidores ADILAR ANTONIO CIGOLINI&nbsp;&#8211; 2412518, Professor\ndo Magist\u00e9rio Superior e CARLOS EDUARDO DE MESQUITA BARROS&nbsp;&#8211; 1260872,\nProfessor do Magist\u00e9rio Superior, como representantes Titular e Suplente,\nrespectivamente, do Setor de&nbsp;Ci\u00eancias da Terra,&nbsp;junto ao Conselho de\nEnsino Pesquisa e Extens\u00e3o &#8211; CEPE, com mandato de 02 (dois) anos, a partir de\n12 de dezembro de 2019.<\/p>\n\n\n\n<p style=\"text-align:right\"><strong>RICARDO\nMARCELO FONSECA<\/strong><\/p>\n","protected":false},"excerpt":{"rendered":"<p>O Reitor da Universidade Federal do Paran\u00e1, no uso de suas atribui\u00e7\u00f5es e tendo em vista o que consta no processo n\u00ba 23075.069921\/2019-37, RESOLVE: Designar os servidores ADILAR ANTONIO CIGOLINI&nbsp;&#8211; 2412518, Professor do Magist\u00e9rio Superior e CARLOS EDUARDO DE MESQUITA BARROS&nbsp;&#8211; 1260872, Professor do Magist\u00e9rio Superior, como representantes Titular e Suplente, respectivamente, do Setor de&nbsp;Ci\u00eancias [&hellip;]<\/p>\n","protected":false},"author":50,"featured_media":0,"comment_status":"closed","ping_status":"closed","sticky":false,"template":"","format":"standard","meta":{"_acf_changed":false,"iawp_total_views":0,"footnotes":""},"categories":[117],"tags":[126],"class_list":["post-22506","post","type-post","status-publish","format-standard","hentry","category-rt","tag-representante"],"acf":[],"_links":{"self":[{"href":"https:\/\/progepe.ufpr.br\/portarias\/wp-json\/wp\/v2\/posts\/22506","targetHints":{"allow":["GET"]}}],"collection":[{"href":"https:\/\/progepe.ufpr.br\/portarias\/wp-json\/wp\/v2\/posts"}],"about":[{"href":"https:\/\/progepe.ufpr.br\/portarias\/wp-json\/wp\/v2\/types\/post"}],"author":[{"embeddable":true,"href":"https:\/\/progepe.ufpr.br\/portarias\/wp-json\/wp\/v2\/users\/50"}],"replies":[{"embeddable":true,"href":"https:\/\/progepe.ufpr.br\/portarias\/wp-json\/wp\/v2\/comments?post=22506"}],"version-history":[{"count":1,"href":"https:\/\/progepe.ufpr.br\/portarias\/wp-json\/wp\/v2\/posts\/22506\/revisions"}],"predecessor-version":[{"id":191994,"href":"https:\/\/progepe.ufpr.br\/portarias\/wp-json\/wp\/v2\/posts\/22506\/revisions\/191994"}],"wp:attachment":[{"href":"https:\/\/progepe.ufpr.br\/portarias\/wp-json\/wp\/v2\/media?parent=22506"}],"wp:term":[{"taxonomy":"category","embeddable":true,"href":"https:\/\/progepe.ufpr.br\/portarias\/wp-json\/wp\/v2\/categories?post=22506"},{"taxonomy":"post_tag","embeddable":true,"href":"https:\/\/progepe.ufpr.br\/portarias\/wp-json\/wp\/v2\/tags?post=22506"}],"curies":[{"name":"wp","href":"https:\/\/api.w.org\/{rel}","templated":true}]}}