{"id":22512,"date":"2020-01-02T05:14:00","date_gmt":"2020-01-02T08:14:00","guid":{"rendered":"http:\/\/progepe.ufpr.br\/portal\/?post_type=portarias&#038;p=22512"},"modified":"2023-08-03T13:17:18","modified_gmt":"2023-08-03T16:17:18","slug":"rt-2019-01287","status":"publish","type":"post","link":"https:\/\/progepe.ufpr.br\/portarias\/rt-2019-01287\/","title":{"rendered":"PORTARIA N\u00ba 01287\/REITORIA, DE 23 DE DEZEMBRO DE 2019"},"content":{"rendered":"\n<p><strong>O Reitor da Universidade Federal do Paran\u00e1, <\/strong>no uso de suas atribui\u00e7\u00f5es e tendo em vista o que consta no processo n\u00ba 23075.069946\/2019-31, <\/p>\n\n\n\n<p>RESOLVE: <\/p>\n\n\n\n<p>Designar os servidores RICARDO FERNANDEZ PEREZ&nbsp;&#8211;&nbsp;1290073,\nProfessor do Magist\u00e9rio Superior e JOICE MARIA DA CUNHA&nbsp;&#8211; 1713881,\nProfessora do Magist\u00e9rio Superior, como representantes Titular e Suplente,\nrespectivamente, do Setor de&nbsp;Ci\u00eancias Biol\u00f3gicas,&nbsp;junto ao Conselho\nde Ensino Pesquisa e Extens\u00e3o &#8211; CEPE, com mandato de 02 (dois) anos, a partir\nde 12 de dezembro de 2019.<\/p>\n\n\n\n<p style=\"text-align:right\"><strong>RICARDO\nMARCELO FONSECA<\/strong><\/p>\n","protected":false},"excerpt":{"rendered":"<p>O Reitor da Universidade Federal do Paran\u00e1, no uso de suas atribui\u00e7\u00f5es e tendo em vista o que consta no processo n\u00ba 23075.069946\/2019-31, RESOLVE: Designar os servidores RICARDO FERNANDEZ PEREZ&nbsp;&#8211;&nbsp;1290073, Professor do Magist\u00e9rio Superior e JOICE MARIA DA CUNHA&nbsp;&#8211; 1713881, Professora do Magist\u00e9rio Superior, como representantes Titular e Suplente, respectivamente, do Setor de&nbsp;Ci\u00eancias Biol\u00f3gicas,&nbsp;junto ao [&hellip;]<\/p>\n","protected":false},"author":50,"featured_media":0,"comment_status":"closed","ping_status":"closed","sticky":false,"template":"","format":"standard","meta":{"_acf_changed":false,"iawp_total_views":0,"footnotes":""},"categories":[117],"tags":[126],"class_list":["post-22512","post","type-post","status-publish","format-standard","hentry","category-rt","tag-representante"],"acf":[],"_links":{"self":[{"href":"https:\/\/progepe.ufpr.br\/portarias\/wp-json\/wp\/v2\/posts\/22512","targetHints":{"allow":["GET"]}}],"collection":[{"href":"https:\/\/progepe.ufpr.br\/portarias\/wp-json\/wp\/v2\/posts"}],"about":[{"href":"https:\/\/progepe.ufpr.br\/portarias\/wp-json\/wp\/v2\/types\/post"}],"author":[{"embeddable":true,"href":"https:\/\/progepe.ufpr.br\/portarias\/wp-json\/wp\/v2\/users\/50"}],"replies":[{"embeddable":true,"href":"https:\/\/progepe.ufpr.br\/portarias\/wp-json\/wp\/v2\/comments?post=22512"}],"version-history":[{"count":1,"href":"https:\/\/progepe.ufpr.br\/portarias\/wp-json\/wp\/v2\/posts\/22512\/revisions"}],"predecessor-version":[{"id":191995,"href":"https:\/\/progepe.ufpr.br\/portarias\/wp-json\/wp\/v2\/posts\/22512\/revisions\/191995"}],"wp:attachment":[{"href":"https:\/\/progepe.ufpr.br\/portarias\/wp-json\/wp\/v2\/media?parent=22512"}],"wp:term":[{"taxonomy":"category","embeddable":true,"href":"https:\/\/progepe.ufpr.br\/portarias\/wp-json\/wp\/v2\/categories?post=22512"},{"taxonomy":"post_tag","embeddable":true,"href":"https:\/\/progepe.ufpr.br\/portarias\/wp-json\/wp\/v2\/tags?post=22512"}],"curies":[{"name":"wp","href":"https:\/\/api.w.org\/{rel}","templated":true}]}}