{"id":22536,"date":"2020-01-02T05:09:00","date_gmt":"2020-01-02T08:09:00","guid":{"rendered":"http:\/\/progepe.ufpr.br\/portal\/?post_type=portarias&#038;p=22536"},"modified":"2023-08-03T13:17:17","modified_gmt":"2023-08-03T16:17:17","slug":"rt-2019-01246","status":"publish","type":"post","link":"https:\/\/progepe.ufpr.br\/portarias\/rt-2019-01246\/","title":{"rendered":"PORTARIA N\u00ba 01246\/REITORIA, DE 19 DE DEZEMBRO DE 2019"},"content":{"rendered":"\n<p><strong>O Reitor da Universidade Federal do Paran\u00e1, <\/strong>no uso de suas atribui\u00e7\u00f5es, considerando o constante no Art. 91 da Lei n\u00ba 8.112\/90 e o que consta no processo n\u00ba 23075.073458\/2019-28, <\/p>\n\n\n\n<p>RESOLVE: <\/p>\n\n\n\n<p>Autorizar, a partir de&nbsp;01 de janeiro de 2020 a 31 de dezembro de\n2022, a prorroga\u00e7\u00e3o da licen\u00e7a para tratar de interesses particulares, sem\nremunera\u00e7\u00e3o, do servidor ALESSANDER CHRISTOPHER MORALES KORMANN&nbsp;&#8211; 1170095,\nocupante do cargo de Professor do Magist\u00e9rio Superior, lotado no\nDepartamento&nbsp;de Constru\u00e7\u00e3o Civil do Setor de Tecnologia.<\/p>\n\n\n\n<p style=\"text-align:right\"><strong>RICARDO\nMARCELO FONSECA<\/strong><\/p>\n","protected":false},"excerpt":{"rendered":"<p>O Reitor da Universidade Federal do Paran\u00e1, no uso de suas atribui\u00e7\u00f5es, considerando o constante no Art. 91 da Lei n\u00ba 8.112\/90 e o que consta no processo n\u00ba 23075.073458\/2019-28, RESOLVE: Autorizar, a partir de&nbsp;01 de janeiro de 2020 a 31 de dezembro de 2022, a prorroga\u00e7\u00e3o da licen\u00e7a para tratar de interesses particulares, sem [&hellip;]<\/p>\n","protected":false},"author":50,"featured_media":0,"comment_status":"closed","ping_status":"closed","sticky":false,"template":"","format":"standard","meta":{"_acf_changed":false,"iawp_total_views":0,"footnotes":""},"categories":[117],"tags":[123],"class_list":["post-22536","post","type-post","status-publish","format-standard","hentry","category-rt","tag-afastamento-licenca"],"acf":[],"_links":{"self":[{"href":"https:\/\/progepe.ufpr.br\/portarias\/wp-json\/wp\/v2\/posts\/22536","targetHints":{"allow":["GET"]}}],"collection":[{"href":"https:\/\/progepe.ufpr.br\/portarias\/wp-json\/wp\/v2\/posts"}],"about":[{"href":"https:\/\/progepe.ufpr.br\/portarias\/wp-json\/wp\/v2\/types\/post"}],"author":[{"embeddable":true,"href":"https:\/\/progepe.ufpr.br\/portarias\/wp-json\/wp\/v2\/users\/50"}],"replies":[{"embeddable":true,"href":"https:\/\/progepe.ufpr.br\/portarias\/wp-json\/wp\/v2\/comments?post=22536"}],"version-history":[{"count":1,"href":"https:\/\/progepe.ufpr.br\/portarias\/wp-json\/wp\/v2\/posts\/22536\/revisions"}],"predecessor-version":[{"id":191999,"href":"https:\/\/progepe.ufpr.br\/portarias\/wp-json\/wp\/v2\/posts\/22536\/revisions\/191999"}],"wp:attachment":[{"href":"https:\/\/progepe.ufpr.br\/portarias\/wp-json\/wp\/v2\/media?parent=22536"}],"wp:term":[{"taxonomy":"category","embeddable":true,"href":"https:\/\/progepe.ufpr.br\/portarias\/wp-json\/wp\/v2\/categories?post=22536"},{"taxonomy":"post_tag","embeddable":true,"href":"https:\/\/progepe.ufpr.br\/portarias\/wp-json\/wp\/v2\/tags?post=22536"}],"curies":[{"name":"wp","href":"https:\/\/api.w.org\/{rel}","templated":true}]}}