{"id":22815,"date":"2020-01-02T10:02:00","date_gmt":"2020-01-02T13:02:00","guid":{"rendered":"http:\/\/progepe.ufpr.br\/portal\/?post_type=portarias&#038;p=22815"},"modified":"2023-08-03T12:52:25","modified_gmt":"2023-08-03T15:52:25","slug":"progepe-2020-00003","status":"publish","type":"post","link":"https:\/\/progepe.ufpr.br\/portarias\/progepe-2020-00003\/","title":{"rendered":"PORTARIA N\u00ba 00003\/PROGEPE, DE 02 DE JANEIRO DE 2020"},"content":{"rendered":"\n<p><strong>O Pr\u00f3-Reitor de Gest\u00e3o de Pessoas da Universidade Federal do Paran\u00e1,<\/strong>  no uso de suas atribui\u00e7\u00f5es, tendo em vista a compet\u00eancia que lhe \u00e9  conferida pela Portaria n\u00ba 2.590, de 26 de setembro de 1997 e  considerando o que consta no processo n\u00ba 23075.074048\/2019-02, <\/p>\n\n\n\n<p>RESOLVE:<\/p>\n\n\n\n<p> Autorizar o afastamento integral da servidora SILVANA MARTA TUMELERO \u2013  1770431, ocupante do cargo de Professor do Magist\u00e9rio Superior, lotada  na Coordena\u00e7\u00e3o da C\u00e2mara Curso de Servi\u00e7o Social do Setor Litoral, para  participar de Programa de P\u00f3s-Gradua\u00e7\u00e3o, em n\u00edvel de Est\u00e1gio  P\u00f3s-Doutoral em Arquitetura e Urbanismo, \u00e1rea de concentra\u00e7\u00e3o em  Urbanismo, Hist\u00f3ria e Arquitetura da Cidade, na Universidade Federal de  Santa Catarina,&nbsp;em Florian\u00f3polis\/SC, no per\u00edodo de 17\/02\/2020 a  16\/02\/2021, com \u00f4nus limitado para UFPR. <\/p>\n","protected":false},"excerpt":{"rendered":"<p>Autorizar o afastamento integral da servidora SILVANA MARTA TUMELERO \u2013 1770431, ocupante do cargo de Professor do Magist\u00e9rio Superior, lotada na Coordena\u00e7\u00e3o da C\u00e2mara Curso de Servi\u00e7o Social do Setor Litoral, para participar de Programa de P\u00f3s-Gradua\u00e7\u00e3o, em n\u00edvel de Est\u00e1gio P\u00f3s-Doutoral em Arquitetura e Urbanismo, \u00e1rea de concentra\u00e7\u00e3o em Urbanismo, Hist\u00f3ria e Arquitetura da Cidade, na Universidade Federal de Santa Catarina,&nbsp;em Florian\u00f3polis\/SC, no per\u00edodo de 17\/02\/2020 a 16\/02\/2021, com \u00f4nus limitado para UFPR.<\/p>\n","protected":false},"author":48,"featured_media":0,"comment_status":"closed","ping_status":"closed","sticky":false,"template":"","format":"standard","meta":{"_acf_changed":false,"iawp_total_views":0,"footnotes":""},"categories":[116],"tags":[123],"class_list":["post-22815","post","type-post","status-publish","format-standard","hentry","category-progepe","tag-afastamento-licenca"],"acf":[],"_links":{"self":[{"href":"https:\/\/progepe.ufpr.br\/portarias\/wp-json\/wp\/v2\/posts\/22815","targetHints":{"allow":["GET"]}}],"collection":[{"href":"https:\/\/progepe.ufpr.br\/portarias\/wp-json\/wp\/v2\/posts"}],"about":[{"href":"https:\/\/progepe.ufpr.br\/portarias\/wp-json\/wp\/v2\/types\/post"}],"author":[{"embeddable":true,"href":"https:\/\/progepe.ufpr.br\/portarias\/wp-json\/wp\/v2\/users\/48"}],"replies":[{"embeddable":true,"href":"https:\/\/progepe.ufpr.br\/portarias\/wp-json\/wp\/v2\/comments?post=22815"}],"version-history":[{"count":1,"href":"https:\/\/progepe.ufpr.br\/portarias\/wp-json\/wp\/v2\/posts\/22815\/revisions"}],"predecessor-version":[{"id":173337,"href":"https:\/\/progepe.ufpr.br\/portarias\/wp-json\/wp\/v2\/posts\/22815\/revisions\/173337"}],"wp:attachment":[{"href":"https:\/\/progepe.ufpr.br\/portarias\/wp-json\/wp\/v2\/media?parent=22815"}],"wp:term":[{"taxonomy":"category","embeddable":true,"href":"https:\/\/progepe.ufpr.br\/portarias\/wp-json\/wp\/v2\/categories?post=22815"},{"taxonomy":"post_tag","embeddable":true,"href":"https:\/\/progepe.ufpr.br\/portarias\/wp-json\/wp\/v2\/tags?post=22815"}],"curies":[{"name":"wp","href":"https:\/\/api.w.org\/{rel}","templated":true}]}}