{"id":228410,"date":"2005-01-07T05:03:00","date_gmt":"2005-01-07T07:03:00","guid":{"rendered":"http:\/\/progepe.ufpr.br\/portarias\/rt-2005-01472\/"},"modified":"2023-08-03T17:44:04","modified_gmt":"2023-08-03T20:44:04","slug":"rt-2005-01472","status":"publish","type":"post","link":"https:\/\/progepe.ufpr.br\/portarias\/rt-2005-01472\/","title":{"rendered":"PORTARIA N\u00ba 01472\/REITORIA, DE 07 DE JANEIRO DE 2005"},"content":{"rendered":"\n<p>A Vice-Reitora da Universidade Federal do Paran\u00e1, no exerc\u00edcio do cargo de Reitora, no uso de suas atribui\u00e7\u00f5es e tendo em vista o que consta no processo n\u00ba 61834\/04-57,<\/p>\n\n\n<p><strong>RESOLVE:<\/strong><\/p>\n\n\n<p>I. Exonerar, a partir de 03 de janeiro de 2005, a Professora CRISTINA MARIA AYROZA FREITAS &#8211; 153648, Docente do Ensino de 1\u00ba e 2\u00ba Graus, no regime de trabalho de dedica\u00e7\u00e3o exclusiva, do cargo de Vice-Coordenador do Curso T\u00e9cnico em Contabilidade do Setor de Ensino M\u00e9dio e Tecnol\u00f3gico.<\/p><p> II. Designar, a partir da mesma data, a citada docente para exercer o cargo de Coordenador do Curso T\u00e9cnico em Contabilidade do Setor de Ensino M\u00e9dio e Tecnol\u00f3gico, at\u00e9 19 de agosto de 2006, t\u00e9rmino do mandato.<\/p><p><\/p>\n\n\n<div style=\"height:15px\" aria-hidden=\"true\" class=\"wp-block-spacer\"><\/div>\n\n\n<div class=\"wp-block-buttons is-content-justification-right is-layout-flex wp-container-core-buttons-is-layout-1 wp-block-buttons-is-layout-flex\">\n<div class=\"wp-block-button has-custom-font-size is-style-outline has-small-font-size is-style-outline--1\"><a class=\"wp-block-button__link\" href=\"https:\/\/progepe.ufpr.br\/portarias\/wp-content\/uploads\/pcp\/RT\/2005\/1472R.pdf\" style=\"border-radius:0px\" target=\"_blank\" rel=\"noreferrer noopener\">Acesse o arquivo da portaria<\/a><\/div><\/div>\n","protected":false},"excerpt":{"rendered":"<p>I. Exonerar, a partir de 03 de janeiro de 2005, a Professora CRISTINA MARIA AYROZA FREITAS &#8211; 153648, Docente do Ensino de 1\u00ba e 2\u00ba Graus, no regime de trabalho de dedica\u00e7\u00e3o exclusiva, do cargo de Vice-Coordenador do Curso T\u00e9cnico em Contabilidade do Setor de Ensino M\u00e9dio e Tecnol\u00f3gico. II. Designar, a partir da mesma data, a citada docente para exercer o cargo de Coordenador do Curso T\u00e9cnico em Contabilidade do Setor de Ensino M\u00e9dio e Tecnol\u00f3gico, at\u00e9 19 de agosto de 2006, t\u00e9rmino do mandato.  {&#8220;height&#8221;:&#8221;15px&#8221;} <\/p>\n<div style=\"height:15px\" aria-hidden=\"true\" class=\"wp-block-spacer\"> <!-- \/wp:spacer  {\"layout\":{\"type\":\"flex\",\"justifyContent\":\"right\"}} \n\n<div class=\"wp-block-buttons\"><!--\n<\/p>\n","protected":false},"author":41,"featured_media":0,"comment_status":"closed","ping_status":"closed","sticky":false,"template":"wp-custom-template-emissao-entre-01-05-2004-ate-30-06-2017","format":"standard","meta":{"_acf_changed":false,"iawp_total_views":0,"footnotes":""},"categories":[117],"tags":[],"class_list":["post-228410","post","type-post","status-publish","format-standard","hentry","category-rt"],"acf":[],"_links":{"self":[{"href":"https:\/\/progepe.ufpr.br\/portarias\/wp-json\/wp\/v2\/posts\/228410","targetHints":{"allow":["GET"]}}],"collection":[{"href":"https:\/\/progepe.ufpr.br\/portarias\/wp-json\/wp\/v2\/posts"}],"about":[{"href":"https:\/\/progepe.ufpr.br\/portarias\/wp-json\/wp\/v2\/types\/post"}],"author":[{"embeddable":true,"href":"https:\/\/progepe.ufpr.br\/portarias\/wp-json\/wp\/v2\/users\/41"}],"replies":[{"embeddable":true,"href":"https:\/\/progepe.ufpr.br\/portarias\/wp-json\/wp\/v2\/comments?post=228410"}],"version-history":[{"count":1,"href":"https:\/\/progepe.ufpr.br\/portarias\/wp-json\/wp\/v2\/posts\/228410\/revisions"}],"predecessor-version":[{"id":228744,"href":"https:\/\/progepe.ufpr.br\/portarias\/wp-json\/wp\/v2\/posts\/228410\/revisions\/228744"}],"wp:attachment":[{"href":"https:\/\/progepe.ufpr.br\/portarias\/wp-json\/wp\/v2\/media?parent=228410"}],"wp:term":[{"taxonomy":"category","embeddable":true,"href":"https:\/\/progepe.ufpr.br\/portarias\/wp-json\/wp\/v2\/categories?post=228410"},{"taxonomy":"post_tag","embeddable":true,"href":"https:\/\/progepe.ufpr.br\/portarias\/wp-json\/wp\/v2\/tags?post=228410"}],"curies":[{"name":"wp","href":"https:\/\/api.w.org\/{rel}","templated":true}]}}