{"id":228416,"date":"2005-01-21T05:00:00","date_gmt":"2005-01-21T07:00:00","guid":{"rendered":"http:\/\/progepe.ufpr.br\/portarias\/rt-2005-01478\/"},"modified":"2005-01-21T05:00:00","modified_gmt":"2005-01-21T07:00:00","slug":"rt-2005-01478","status":"publish","type":"post","link":"https:\/\/progepe.ufpr.br\/portarias\/rt-2005-01478\/","title":{"rendered":"PORTARIA N\u00ba 01478\/REITORIA, DE 21 DE JANEIRO DE 2005"},"content":{"rendered":"\n<p>O Reitor da Universidade Federal do Paran\u00e1, no uso de suas atribui\u00e7\u00f5es e tendo em vista o disposto no item I do \u00a7 1\u00ba do Art. 70 do Edital N\u00ba 01\/2004 \u2013 NC, e ainda o contido no processo n\u00ba 1678\/05-56,<\/p>\n\n\n<p><strong>RESOLVE:<\/strong><\/p>\n\n\n<p>Designar, para compor a Comiss\u00e3o de an\u00e1lise dos documentos dos candidatos que optaram pela vagas de inclus\u00e3o racial na UFPR, os seguintes membros: Presidente: DORA LUCIA DE LIMA BERTULIO &#8211; 168564 Membros: NIZAN PEREIRA ALMEIDA &#8211; 68012 PAULO VINICIUS BAPTISTA DA SILVA \u2013 135429 PEDRO RODOLFO BODE DE MORAES &#8211; 121045 WANIRLEY PEDROSO GUELFI &#8211; 124613 EVANDRO C. PIZA DUARTE \u2013 Prof. De Direito da Unibrasil ROMEU GOMES DE MIRANDA \u2013 Membro do Conselho Estadual da Educa\u00e7\u00e3o MARCILENE GARCIA \u2013 Rep. Do Inst. De Pesquisa Afrodescendente JAIME TADEU \u2013 Rep. Associa\u00e7\u00e3o Cultural de Negritude e A\u00e7\u00e3o Popular MAXIMO FRANCISCO DOS REIS \u2013 Rep. do Instituto Afro-Brasileiro JAYRO DE JESUS \u2013 Rep. da Secretaria de Estado de Assuntos Estrat\u00e9gicos Suplentes: MARIA JOSE DA SILVA \u2013 Rep. Associa\u00e7\u00e3o Cultural de Negritude e A\u00e7\u00e3o Popular NIVALDO DOS SANTOS ARRUDA \u2013 Rep. Associa\u00e7\u00e3o Cultural de Negritude e A\u00e7\u00e3o Popular ADEMILSON EDSON DOS SANTOS &#8211; Rep. da Secretaria de Estado de Assuntos Estrat\u00e9gicos<\/p><p><\/p>\n\n\n<div style=\"height:15px\" aria-hidden=\"true\" class=\"wp-block-spacer\"><\/div>\n\n\n<div class=\"wp-block-buttons is-content-justification-right is-layout-flex wp-container-core-buttons-is-layout-1 wp-block-buttons-is-layout-flex\">\n<div class=\"wp-block-button has-custom-font-size is-style-outline has-small-font-size is-style-outline--1\"><a class=\"wp-block-button__link\" href=\"https:\/\/progepe.ufpr.br\/portarias\/wp-content\/uploads\/pcp\/RT\/2005\/1478R.pdf\" style=\"border-radius:0px\" target=\"_blank\" rel=\"noreferrer noopener\">Acesse o arquivo da portaria<\/a><\/div><\/div>\n","protected":false},"excerpt":{"rendered":"<p>Designar, para compor a Comiss\u00e3o de an\u00e1lise dos documentos dos candidatos que optaram pela vagas de inclus\u00e3o racial na UFPR, os seguintes membros: Presidente: DORA LUCIA DE LIMA BERTULIO &#8211; 168564 Membros: NIZAN PEREIRA ALMEIDA &#8211; 68012 PAULO VINICIUS BAPTISTA DA SILVA \u2013 135429 PEDRO RODOLFO BODE DE MORAES &#8211; 121045 WANIRLEY PEDROSO GUELFI &#8211; 124613 EVANDRO C. PIZA DUARTE \u2013 Prof. De Direito da Unibrasil ROMEU GOMES DE MIRANDA \u2013 Membro do Conselho Estadual da Educa\u00e7\u00e3o MARCILENE GARCIA \u2013 Rep. Do Inst. De Pesquisa Afrodescendente JAIME TADEU \u2013 Rep. Associa\u00e7\u00e3o Cultural de Negritude e A\u00e7\u00e3o Popular MAXIMO<\/p>\n","protected":false},"author":41,"featured_media":0,"comment_status":"closed","ping_status":"closed","sticky":false,"template":"wp-custom-template-emissao-entre-01-05-2004-ate-30-06-2017","format":"standard","meta":{"_acf_changed":false,"iawp_total_views":0,"footnotes":""},"categories":[117],"tags":[],"class_list":["post-228416","post","type-post","status-publish","format-standard","hentry","category-rt"],"acf":[],"_links":{"self":[{"href":"https:\/\/progepe.ufpr.br\/portarias\/wp-json\/wp\/v2\/posts\/228416","targetHints":{"allow":["GET"]}}],"collection":[{"href":"https:\/\/progepe.ufpr.br\/portarias\/wp-json\/wp\/v2\/posts"}],"about":[{"href":"https:\/\/progepe.ufpr.br\/portarias\/wp-json\/wp\/v2\/types\/post"}],"author":[{"embeddable":true,"href":"https:\/\/progepe.ufpr.br\/portarias\/wp-json\/wp\/v2\/users\/41"}],"replies":[{"embeddable":true,"href":"https:\/\/progepe.ufpr.br\/portarias\/wp-json\/wp\/v2\/comments?post=228416"}],"version-history":[{"count":0,"href":"https:\/\/progepe.ufpr.br\/portarias\/wp-json\/wp\/v2\/posts\/228416\/revisions"}],"wp:attachment":[{"href":"https:\/\/progepe.ufpr.br\/portarias\/wp-json\/wp\/v2\/media?parent=228416"}],"wp:term":[{"taxonomy":"category","embeddable":true,"href":"https:\/\/progepe.ufpr.br\/portarias\/wp-json\/wp\/v2\/categories?post=228416"},{"taxonomy":"post_tag","embeddable":true,"href":"https:\/\/progepe.ufpr.br\/portarias\/wp-json\/wp\/v2\/tags?post=228416"}],"curies":[{"name":"wp","href":"https:\/\/api.w.org\/{rel}","templated":true}]}}