{"id":228430,"date":"2005-02-01T05:00:00","date_gmt":"2005-02-01T07:00:00","guid":{"rendered":"http:\/\/progepe.ufpr.br\/portarias\/rt-2005-01492\/"},"modified":"2005-02-01T05:00:00","modified_gmt":"2005-02-01T07:00:00","slug":"rt-2005-01492","status":"publish","type":"post","link":"https:\/\/progepe.ufpr.br\/portarias\/rt-2005-01492\/","title":{"rendered":"PORTARIA N\u00ba 01492\/REITORIA, DE 01 DE FEVEREIRO DE 2005"},"content":{"rendered":"\n<p>O Reitor da Universidade Federal do Paran\u00e1, no uso de suas atribui\u00e7\u00f5es e tendo em vista o contido no processo n\u00ba 2475\/05- 12,<\/p>\n\n\n<p><strong>RESOLVE:<\/strong><\/p>\n\n\n<p>Designar os Professores TERESA CRISTINA CESAR OGLIARI &#8211; 136166 e FERNANDO MAZZILLI LOUZADA &#8211; 168050, para exercerem as fun\u00e7\u00f5es de Representante Titular e Suplente, respectivamente, do Setor de Ci\u00eancias Biol\u00f3gicas, junto ao Comit\u00ea Assessor de Extens\u00e3o da Pr\u00f3-Reitoria de Extens\u00e3o e Cultura &#8211; PROEC, por 02 (dois) anos, a partir de 17 de janeiro de 2005.<\/p><p><\/p>\n\n\n<div style=\"height:15px\" aria-hidden=\"true\" class=\"wp-block-spacer\"><\/div>\n\n\n<div class=\"wp-block-buttons is-content-justification-right is-layout-flex wp-container-core-buttons-is-layout-1 wp-block-buttons-is-layout-flex\">\n<div class=\"wp-block-button has-custom-font-size is-style-outline has-small-font-size is-style-outline--1\"><a class=\"wp-block-button__link\" href=\"https:\/\/progepe.ufpr.br\/portarias\/wp-content\/uploads\/pcp\/RT\/2005\/1492R.pdf\" style=\"border-radius:0px\" target=\"_blank\" rel=\"noreferrer noopener\">Acesse o arquivo da portaria<\/a><\/div><\/div>\n","protected":false},"excerpt":{"rendered":"<p>Designar os Professores TERESA CRISTINA CESAR OGLIARI &#8211; 136166 e FERNANDO MAZZILLI LOUZADA &#8211; 168050, para exercerem as fun\u00e7\u00f5es de Representante Titular e Suplente, respectivamente, do Setor de Ci\u00eancias Biol\u00f3gicas, junto ao Comit\u00ea Assessor de Extens\u00e3o da Pr\u00f3-Reitoria de Extens\u00e3o e Cultura &#8211; PROEC, por 02 (dois) anos, a partir de 17 de janeiro de 2005.  {&#8220;height&#8221;:&#8221;15px&#8221;} <\/p>\n<div style=\"height:15px\" aria-hidden=\"true\" class=\"wp-block-spacer\"> <!-- \/wp:spacer  {\"layout\":{\"type\":\"flex\",\"justifyContent\":\"right\"}} \n\n<div class=\"wp-block-buttons\"><!-- wp:button {\"style\":{\"border\":{\"radius\":\"0px\"}},\"className\":\"is-style-outline\",\"fontSize\":\"small\"} \n\n<div class=\"wp-block-button has-custom-font-size is-style-outline has-small-font-size\"><a class=\"wp-block-button__link\" href=\"https:\/\/progepe.ufpr.br\/portarias\/wp-content\/uploads\/pcp\/RT\/2005\/1492R.pdf\" style=\"border-radius:0px\" target=\"_blank\" rel=\"noreferrer noopener\">Acesse o arquivo da portaria<\/a><!-- \/wp:button <!-- \/wp:buttons\n<\/p>\n","protected":false},"author":41,"featured_media":0,"comment_status":"closed","ping_status":"closed","sticky":false,"template":"wp-custom-template-emissao-entre-01-05-2004-ate-30-06-2017","format":"standard","meta":{"_acf_changed":false,"iawp_total_views":0,"footnotes":""},"categories":[117],"tags":[],"class_list":["post-228430","post","type-post","status-publish","format-standard","hentry","category-rt"],"acf":[],"_links":{"self":[{"href":"https:\/\/progepe.ufpr.br\/portarias\/wp-json\/wp\/v2\/posts\/228430","targetHints":{"allow":["GET"]}}],"collection":[{"href":"https:\/\/progepe.ufpr.br\/portarias\/wp-json\/wp\/v2\/posts"}],"about":[{"href":"https:\/\/progepe.ufpr.br\/portarias\/wp-json\/wp\/v2\/types\/post"}],"author":[{"embeddable":true,"href":"https:\/\/progepe.ufpr.br\/portarias\/wp-json\/wp\/v2\/users\/41"}],"replies":[{"embeddable":true,"href":"https:\/\/progepe.ufpr.br\/portarias\/wp-json\/wp\/v2\/comments?post=228430"}],"version-history":[{"count":0,"href":"https:\/\/progepe.ufpr.br\/portarias\/wp-json\/wp\/v2\/posts\/228430\/revisions"}],"wp:attachment":[{"href":"https:\/\/progepe.ufpr.br\/portarias\/wp-json\/wp\/v2\/media?parent=228430"}],"wp:term":[{"taxonomy":"category","embeddable":true,"href":"https:\/\/progepe.ufpr.br\/portarias\/wp-json\/wp\/v2\/categories?post=228430"},{"taxonomy":"post_tag","embeddable":true,"href":"https:\/\/progepe.ufpr.br\/portarias\/wp-json\/wp\/v2\/tags?post=228430"}],"curies":[{"name":"wp","href":"https:\/\/api.w.org\/{rel}","templated":true}]}}