{"id":229051,"date":"2004-02-11T05:00:00","date_gmt":"2004-02-11T07:00:00","guid":{"rendered":"http:\/\/progepe.ufpr.br\/portarias\/rt-2004-01013\/"},"modified":"2004-02-11T05:00:00","modified_gmt":"2004-02-11T07:00:00","slug":"rt-2004-01013","status":"publish","type":"post","link":"https:\/\/progepe.ufpr.br\/portarias\/rt-2004-01013\/","title":{"rendered":"PORTARIA N\u00ba 01013\/REITORIA, DE 11 DE FEVEREIRO DE 2004"},"content":{"rendered":"\n<p>O Reitor da Universidade Federal do Paran\u00e1, no uso de suas atribui\u00e7\u00f5es e tento em vista o contido no processo n\u00ba 3882\/04 n,<\/p>\n\n\n<p><strong>RESOLVE:<\/strong><\/p>\n\n\n<p>1 Exoncrar, \u00e0 partir de 17 de dezembro de 2003, 4 Professora MARIA LUIZA MARQUES DIAS &#8211; 74976, classe Assistente, no regime de trabalho de 40 (quarenta) Horas semanais, do c\u00e1rgo de confian\u00e7a de Suplente do Chele do Departamento de Arquitetura \u00e9 Urbanismo do Setor de Tecnologia.<\/p><p> IJ. Nomear, \u00e0 partir da mesma data, a citada docente para, de acordo com e Art. 2\u00ba, inciso |, par\u00e1grafo \u00danico da Resolu\u00e7\u00e3o n\u00ba 04\/95-COUN, exercer o cargo de contian\u00e7a do Chefiy do Departamento de Arquileura \u00e9 Urbanismo, FG-0], do Setor de Vecnologia, , at\u00e9 a nomea\u00e7\u00e3o dos novos eleitos.<\/p><p> HI. A referida docente cumprir\u00e1, obrigatoriamente, o regime de trabalho de tempo integral, de acordo com o disposto ne $ 5\u00ba, artigo 1\u00ba da Lei 0\u00ba 8,168\/91.<\/p><p><\/p>\n\n\n<div style=\"height:15px\" aria-hidden=\"true\" class=\"wp-block-spacer\"><\/div>\n\n\n<div class=\"wp-block-buttons is-content-justification-right is-layout-flex wp-container-core-buttons-is-layout-1 wp-block-buttons-is-layout-flex\">\n<div class=\"wp-block-button has-custom-font-size is-style-outline has-small-font-size is-style-outline--1\"><a class=\"wp-block-button__link\" href=\"https:\/\/progepe.ufpr.br\/portarias\/wp-content\/uploads\/pcp\/RT\/2004\/1013R.pdf\" style=\"border-radius:0px\" target=\"_blank\" rel=\"noreferrer noopener\">Acesse o arquivo da portaria<\/a><\/div><\/div>\n","protected":false},"excerpt":{"rendered":"<p>1 Exoncrar, \u00e0 partir de 17 de dezembro de 2003, 4 Professora MARIA LUIZA MARQUES DIAS &#8211; 74976, classe Assistente, no regime de trabalho de 40 (quarenta) Horas semanais, do c\u00e1rgo de confian\u00e7a de Suplente do Chele do Departamento de Arquitetura \u00e9 Urbanismo do Setor de Tecnologia. IJ. Nomear, \u00e0 partir da mesma data, a citada docente para, de acordo com e Art. 2\u00ba, inciso |, par\u00e1grafo \u00danico da Resolu\u00e7\u00e3o n\u00ba 04\/95-COUN, exercer o cargo de contian\u00e7a do Chefiy do Departamento de Arquileura \u00e9 Urbanismo, FG-0], do Setor de Vecnologia, , at\u00e9 a nomea\u00e7\u00e3o dos novos eleitos. HI.<\/p>\n","protected":false},"author":41,"featured_media":0,"comment_status":"closed","ping_status":"closed","sticky":false,"template":"wp-custom-template-emissao-entre-01-05-2004-ate-30-06-2017","format":"standard","meta":{"_acf_changed":false,"iawp_total_views":0,"footnotes":""},"categories":[117],"tags":[],"class_list":["post-229051","post","type-post","status-publish","format-standard","hentry","category-rt"],"acf":[],"_links":{"self":[{"href":"https:\/\/progepe.ufpr.br\/portarias\/wp-json\/wp\/v2\/posts\/229051","targetHints":{"allow":["GET"]}}],"collection":[{"href":"https:\/\/progepe.ufpr.br\/portarias\/wp-json\/wp\/v2\/posts"}],"about":[{"href":"https:\/\/progepe.ufpr.br\/portarias\/wp-json\/wp\/v2\/types\/post"}],"author":[{"embeddable":true,"href":"https:\/\/progepe.ufpr.br\/portarias\/wp-json\/wp\/v2\/users\/41"}],"replies":[{"embeddable":true,"href":"https:\/\/progepe.ufpr.br\/portarias\/wp-json\/wp\/v2\/comments?post=229051"}],"version-history":[{"count":0,"href":"https:\/\/progepe.ufpr.br\/portarias\/wp-json\/wp\/v2\/posts\/229051\/revisions"}],"wp:attachment":[{"href":"https:\/\/progepe.ufpr.br\/portarias\/wp-json\/wp\/v2\/media?parent=229051"}],"wp:term":[{"taxonomy":"category","embeddable":true,"href":"https:\/\/progepe.ufpr.br\/portarias\/wp-json\/wp\/v2\/categories?post=229051"},{"taxonomy":"post_tag","embeddable":true,"href":"https:\/\/progepe.ufpr.br\/portarias\/wp-json\/wp\/v2\/tags?post=229051"}],"curies":[{"name":"wp","href":"https:\/\/api.w.org\/{rel}","templated":true}]}}