{"id":229052,"date":"2004-02-11T05:01:00","date_gmt":"2004-02-11T07:01:00","guid":{"rendered":"http:\/\/progepe.ufpr.br\/portarias\/rt-2004-01014\/"},"modified":"2023-08-07T16:00:43","modified_gmt":"2023-08-07T19:00:43","slug":"rt-2004-01014","status":"publish","type":"post","link":"https:\/\/progepe.ufpr.br\/portarias\/rt-2004-01014\/","title":{"rendered":"PORTARIA N\u00ba 01014\/REITORIA, DE 11 DE FEVEREIRO DE 2004"},"content":{"rendered":"\n<p>O Reitor da Universidade Federal do Paran\u00e1, no uso de suas atribui\u00e7\u00f5es, tendo em vista O que consta no processo n\u00ba IPQMUA-I9,<\/p>\n\n\n<p><strong>RESOLVE:<\/strong><\/p>\n\n\n<p>L Desgnar o Professor PAULO ROSSI JUNIOR &#8211; 148070, classe Adjunto, no regime de trabalho de dedica\u00e7\u00e3o exclusiva, para exercer pr\u00f3 tempore o cargo de Uuordenador do Curso de Zootecnia, FO-UI, do Setor de Ci\u00eancias Agr\u00e1rias, a parir de IL de te iro de 24004, al\u00e9 a noinca\u00e7\u00e3o dos novos eleitos.<\/p><p> IO mencionado docente cumprir\u00e1, obrigatoriamente, 0 regime de trabalho de tempo imegral, de acordo com o disposto to 4 5\u00ba, artigo 1\u00ba da Lelar 8 1684 um<\/p><p><\/p>\n\n\n<div style=\"height:15px\" aria-hidden=\"true\" class=\"wp-block-spacer\"><\/div>\n\n\n<div class=\"wp-block-buttons is-content-justification-right is-layout-flex wp-container-core-buttons-is-layout-1 wp-block-buttons-is-layout-flex\">\n<div class=\"wp-block-button has-custom-font-size is-style-outline has-small-font-size is-style-outline--1\"><a class=\"wp-block-button__link\" href=\"https:\/\/progepe.ufpr.br\/portarias\/wp-content\/uploads\/pcp\/RT\/2004\/1014R.pdf\" style=\"border-radius:0px\" target=\"_blank\" rel=\"noreferrer noopener\">Acesse o arquivo da portaria<\/a><\/div><\/div>\n","protected":false},"excerpt":{"rendered":"<p>L Desgnar o Professor PAULO ROSSI JUNIOR &#8211; 148070, classe Adjunto, no regime de trabalho de dedica\u00e7\u00e3o exclusiva, para exercer pr\u00f3 tempore o cargo de Uuordenador do Curso de Zootecnia, FO-UI, do Setor de Ci\u00eancias Agr\u00e1rias, a parir de IL de te iro de 24004, al\u00e9 a noinca\u00e7\u00e3o dos novos eleitos. IO mencionado docente cumprir\u00e1, obrigatoriamente, 0 regime de trabalho de tempo imegral, de acordo com o disposto to 4 5\u00ba, artigo 1\u00ba da Lelar 8 1684 um  {&#8220;height&#8221;:&#8221;15px&#8221;} <\/p>\n<div style=\"height:15px\" aria-hidden=\"true\" class=\"wp-block-spacer\"> <!-- \/wp:spacer  {\"layout\":{\"type\":\"flex\",\"justifyContent\":\"right\"}} \n\n<div class=\"wp-block-buttons\"><!-- wp:button {\"style\":{\"border\":{\"radius\":\"0px\"}},\"className\":\"is-style-outline\",\"fontSize\":\"small\"} \n\n<div class=\"wp-block-button has-custom-font-size is-style-outline has-small-font-size\"><a class=\"wp-block-button__link\"\n<\/p>\n","protected":false},"author":41,"featured_media":0,"comment_status":"closed","ping_status":"closed","sticky":false,"template":"wp-custom-template-emissao-entre-01-05-2004-ate-30-06-2017","format":"standard","meta":{"_acf_changed":false,"iawp_total_views":0,"footnotes":""},"categories":[117],"tags":[],"class_list":["post-229052","post","type-post","status-publish","format-standard","hentry","category-rt"],"acf":[],"_links":{"self":[{"href":"https:\/\/progepe.ufpr.br\/portarias\/wp-json\/wp\/v2\/posts\/229052","targetHints":{"allow":["GET"]}}],"collection":[{"href":"https:\/\/progepe.ufpr.br\/portarias\/wp-json\/wp\/v2\/posts"}],"about":[{"href":"https:\/\/progepe.ufpr.br\/portarias\/wp-json\/wp\/v2\/types\/post"}],"author":[{"embeddable":true,"href":"https:\/\/progepe.ufpr.br\/portarias\/wp-json\/wp\/v2\/users\/41"}],"replies":[{"embeddable":true,"href":"https:\/\/progepe.ufpr.br\/portarias\/wp-json\/wp\/v2\/comments?post=229052"}],"version-history":[{"count":1,"href":"https:\/\/progepe.ufpr.br\/portarias\/wp-json\/wp\/v2\/posts\/229052\/revisions"}],"predecessor-version":[{"id":229585,"href":"https:\/\/progepe.ufpr.br\/portarias\/wp-json\/wp\/v2\/posts\/229052\/revisions\/229585"}],"wp:attachment":[{"href":"https:\/\/progepe.ufpr.br\/portarias\/wp-json\/wp\/v2\/media?parent=229052"}],"wp:term":[{"taxonomy":"category","embeddable":true,"href":"https:\/\/progepe.ufpr.br\/portarias\/wp-json\/wp\/v2\/categories?post=229052"},{"taxonomy":"post_tag","embeddable":true,"href":"https:\/\/progepe.ufpr.br\/portarias\/wp-json\/wp\/v2\/tags?post=229052"}],"curies":[{"name":"wp","href":"https:\/\/api.w.org\/{rel}","templated":true}]}}