{"id":229053,"date":"2004-02-11T05:02:00","date_gmt":"2004-02-11T07:02:00","guid":{"rendered":"http:\/\/progepe.ufpr.br\/portarias\/rt-2004-01015\/"},"modified":"2023-08-07T16:00:43","modified_gmt":"2023-08-07T19:00:43","slug":"rt-2004-01015","status":"publish","type":"post","link":"https:\/\/progepe.ufpr.br\/portarias\/rt-2004-01015\/","title":{"rendered":"PORTARIA N\u00ba 01015\/REITORIA, DE 11 DE FEVEREIRO DE 2004"},"content":{"rendered":"\n<p>O Reitor da Universidade Federal do Paran\u00e1, no uso de suas alribui\u00e7\u00f5es e tendo em vista O que consta no processo n\u00ba 5855403-71,<\/p>\n\n\n<p><strong>RESOLVE:<\/strong><\/p>\n\n\n<p>1, Destituir, a partir de 03 de fevereito de 2004, q Professor GILBERTO DE CASTRO &#8211; 109150, da comiss\u00e3o para acompanhamento did\u00e1tico pedag\u00f3gico uu todos os alunos que cursar\u00e3o as disciplinas TQUZ2 e TQUIA em per\u00edodo especlal e em uwdas as auras disciplinas que est\u00e3o sendo cursadas por estes alunos no Curso de Engenharia Qu\u00edmica do Setor de Tecnologia, institu\u00edda pela Portaria n\u00ba 987, de 19 de janeiro dy 2004.<\/p><p> 1. Designar, em substitui\u00e7\u00e3o ao citado Projessor, a partir da mesma daxa, \u00e0 Professora VERA REGINA BELTR\u00c3O MARQUES &#8211; 158291, classe Adjunto, lotada no Departamento de Teoria e Fundamentos da Exkica\u00e7\u00e3o do Setord e Educa\u00e7\u00e3o.<\/p><p> mp<\/p><p><\/p>\n\n\n<div style=\"height:15px\" aria-hidden=\"true\" class=\"wp-block-spacer\"><\/div>\n\n\n<div class=\"wp-block-buttons is-content-justification-right is-layout-flex wp-container-core-buttons-is-layout-1 wp-block-buttons-is-layout-flex\">\n<div class=\"wp-block-button has-custom-font-size is-style-outline has-small-font-size is-style-outline--1\"><a class=\"wp-block-button__link\" href=\"https:\/\/progepe.ufpr.br\/portarias\/wp-content\/uploads\/pcp\/RT\/2004\/1015R.pdf\" style=\"border-radius:0px\" target=\"_blank\" rel=\"noreferrer noopener\">Acesse o arquivo da portaria<\/a><\/div><\/div>\n","protected":false},"excerpt":{"rendered":"<p>1, Destituir, a partir de 03 de fevereito de 2004, q Professor GILBERTO DE CASTRO &#8211; 109150, da comiss\u00e3o para acompanhamento did\u00e1tico pedag\u00f3gico uu todos os alunos que cursar\u00e3o as disciplinas TQUZ2 e TQUIA em per\u00edodo especlal e em uwdas as auras disciplinas que est\u00e3o sendo cursadas por estes alunos no Curso de Engenharia Qu\u00edmica do Setor de Tecnologia, institu\u00edda pela Portaria n\u00ba 987, de 19 de janeiro dy 2004. 1. Designar, em substitui\u00e7\u00e3o ao citado Projessor, a partir da mesma daxa, \u00e0 Professora VERA REGINA BELTR\u00c3O MARQUES &#8211; 158291, classe Adjunto, lotada no Departamento de Teoria e<\/p>\n","protected":false},"author":41,"featured_media":0,"comment_status":"closed","ping_status":"closed","sticky":false,"template":"wp-custom-template-emissao-entre-01-05-2004-ate-30-06-2017","format":"standard","meta":{"_acf_changed":false,"iawp_total_views":0,"footnotes":""},"categories":[117],"tags":[],"class_list":["post-229053","post","type-post","status-publish","format-standard","hentry","category-rt"],"acf":[],"_links":{"self":[{"href":"https:\/\/progepe.ufpr.br\/portarias\/wp-json\/wp\/v2\/posts\/229053","targetHints":{"allow":["GET"]}}],"collection":[{"href":"https:\/\/progepe.ufpr.br\/portarias\/wp-json\/wp\/v2\/posts"}],"about":[{"href":"https:\/\/progepe.ufpr.br\/portarias\/wp-json\/wp\/v2\/types\/post"}],"author":[{"embeddable":true,"href":"https:\/\/progepe.ufpr.br\/portarias\/wp-json\/wp\/v2\/users\/41"}],"replies":[{"embeddable":true,"href":"https:\/\/progepe.ufpr.br\/portarias\/wp-json\/wp\/v2\/comments?post=229053"}],"version-history":[{"count":1,"href":"https:\/\/progepe.ufpr.br\/portarias\/wp-json\/wp\/v2\/posts\/229053\/revisions"}],"predecessor-version":[{"id":229586,"href":"https:\/\/progepe.ufpr.br\/portarias\/wp-json\/wp\/v2\/posts\/229053\/revisions\/229586"}],"wp:attachment":[{"href":"https:\/\/progepe.ufpr.br\/portarias\/wp-json\/wp\/v2\/media?parent=229053"}],"wp:term":[{"taxonomy":"category","embeddable":true,"href":"https:\/\/progepe.ufpr.br\/portarias\/wp-json\/wp\/v2\/categories?post=229053"},{"taxonomy":"post_tag","embeddable":true,"href":"https:\/\/progepe.ufpr.br\/portarias\/wp-json\/wp\/v2\/tags?post=229053"}],"curies":[{"name":"wp","href":"https:\/\/api.w.org\/{rel}","templated":true}]}}