{"id":229123,"date":"2004-03-15T05:04:00","date_gmt":"2004-03-15T08:04:00","guid":{"rendered":"http:\/\/progepe.ufpr.br\/portarias\/rt-2004-01085\/"},"modified":"2024-04-22T14:59:57","modified_gmt":"2024-04-22T17:59:57","slug":"rt-2004-01085","status":"publish","type":"post","link":"https:\/\/progepe.ufpr.br\/portarias\/rt-2004-01085\/","title":{"rendered":"PORTARIA N\u00ba 01085\/REITORIA, DE 15 DE MAR\u00c7O DE 2004"},"content":{"rendered":"\n<p style=\"padding-left:43%\">O Reitor da Universidade Federal do Paran\u00e1, no uso de suas atribui\u00e7\u00f5es, tendo em vista o contido no processo n\u00ba 9292\/04-10,<\/p>\n\n\n\n<p style=\"padding-left:43%\"><strong>RESOLVE:<\/strong><\/p>\n\n\n\n<p>Exonerar, a pedido, a partir de 07 de fevereiro de 2004, o Professor JOS\u00c9 MARCELO ROCHA ARANHA &#8211; 108758, classe Adjunto, do cargo de representante titular da classe dos Professores Adjuntos no Conselho de Planejamento e Administra\u00e7\u00e3o da Universidade Federal do Paran\u00e1.<\/p>\n","protected":false},"excerpt":{"rendered":"<p>Exonerar, a pedido, a partir de 07 de fevereiro de 2004, o Professor JOS\u00c9 MARCELO ROCHA ARANHA &#8211; 108758, classe Adjunto, do cargo de representante titular da classe dos Professores Adjuntos no Conselho de Planejamento e Administra\u00e7\u00e3o da Universidade Federal do Paran\u00e1.<\/p>\n","protected":false},"author":41,"featured_media":0,"comment_status":"closed","ping_status":"closed","sticky":false,"template":"","format":"standard","meta":{"_acf_changed":false,"iawp_total_views":0,"footnotes":""},"categories":[117],"tags":[124],"class_list":["post-229123","post","type-post","status-publish","format-standard","hentry","category-rt","tag-comissao"],"acf":[],"_links":{"self":[{"href":"https:\/\/progepe.ufpr.br\/portarias\/wp-json\/wp\/v2\/posts\/229123","targetHints":{"allow":["GET"]}}],"collection":[{"href":"https:\/\/progepe.ufpr.br\/portarias\/wp-json\/wp\/v2\/posts"}],"about":[{"href":"https:\/\/progepe.ufpr.br\/portarias\/wp-json\/wp\/v2\/types\/post"}],"author":[{"embeddable":true,"href":"https:\/\/progepe.ufpr.br\/portarias\/wp-json\/wp\/v2\/users\/41"}],"replies":[{"embeddable":true,"href":"https:\/\/progepe.ufpr.br\/portarias\/wp-json\/wp\/v2\/comments?post=229123"}],"version-history":[{"count":3,"href":"https:\/\/progepe.ufpr.br\/portarias\/wp-json\/wp\/v2\/posts\/229123\/revisions"}],"predecessor-version":[{"id":255545,"href":"https:\/\/progepe.ufpr.br\/portarias\/wp-json\/wp\/v2\/posts\/229123\/revisions\/255545"}],"wp:attachment":[{"href":"https:\/\/progepe.ufpr.br\/portarias\/wp-json\/wp\/v2\/media?parent=229123"}],"wp:term":[{"taxonomy":"category","embeddable":true,"href":"https:\/\/progepe.ufpr.br\/portarias\/wp-json\/wp\/v2\/categories?post=229123"},{"taxonomy":"post_tag","embeddable":true,"href":"https:\/\/progepe.ufpr.br\/portarias\/wp-json\/wp\/v2\/tags?post=229123"}],"curies":[{"name":"wp","href":"https:\/\/api.w.org\/{rel}","templated":true}]}}