{"id":229254,"date":"2004-07-12T05:02:00","date_gmt":"2004-07-12T08:02:00","guid":{"rendered":"http:\/\/progepe.ufpr.br\/portarias\/rt-2004-01226\/"},"modified":"2023-08-07T16:01:08","modified_gmt":"2023-08-07T19:01:08","slug":"rt-2004-01226","status":"publish","type":"post","link":"https:\/\/progepe.ufpr.br\/portarias\/rt-2004-01226\/","title":{"rendered":"PORTARIA N\u00ba 01226\/REITORIA, DE 12 DE JULHO DE 2004"},"content":{"rendered":"\n<p>A Vice-Reitora da Universidade Federal do Paran\u00e1, no exerc\u00edcio do cargo de Reitora, no uso de suas atribui\u00e7\u00f5es e tendo em vista o que consta no processo n\u00ba 29521\/04-50,<\/p>\n\n\n<p><strong>RESOLVE:<\/strong><\/p>\n\n\n<p>T. Destituir, a partir de 01 de junho de 2004, os servidores VALMIR FRAN\u00c7A &#8211; 154296, lotado na Pr\u00f3-Reitoria de Gradua\u00e7\u00e3o e MARIA LUCIA MENON &#8211; 055158, lotada no Departamento de Assuntos Acad\u00eamicos, do m\u00f3dulo Sistema Acad\u00eamico &#8211; Gradua\u00e7\u00e3o para implanta\u00e7\u00e3o do Sistema de Informa\u00e7\u00e3o para o Ensino (SIE), na UFPR, institu\u00eddo pela Portaria n\u00ba 895, de 23 de outubro de 2003.<\/p><p> 1. Designar, em substitui\u00e7\u00e3o, a partir da mesma data, os servidores MADLAINE CELIA DE LIMA &#8211; 090670, lotada na Coordenadoria Central dos Cursos de Gradua\u00e7\u00e3o e JANE DE CASSIA FURTADO &#8211; 093807, lotada no Departamento de Assuntos Acad\u00eamicos, para fazer parte do citado m\u00f3dulo.<\/p><p> N\u00e1aria Tarcisa Silva Bega<\/p><p><\/p>\n\n\n<div style=\"height:15px\" aria-hidden=\"true\" class=\"wp-block-spacer\"><\/div>\n\n\n<div class=\"wp-block-buttons is-content-justification-right is-layout-flex wp-container-core-buttons-is-layout-1 wp-block-buttons-is-layout-flex\">\n<div class=\"wp-block-button has-custom-font-size is-style-outline has-small-font-size is-style-outline--1\"><a class=\"wp-block-button__link\" href=\"https:\/\/progepe.ufpr.br\/portarias\/wp-content\/uploads\/pcp\/RT\/2004\/1226R.pdf\" style=\"border-radius:0px\" target=\"_blank\" rel=\"noreferrer noopener\">Acesse o arquivo da portaria<\/a><\/div><\/div>\n","protected":false},"excerpt":{"rendered":"<p>T. Destituir, a partir de 01 de junho de 2004, os servidores VALMIR FRAN\u00c7A &#8211; 154296, lotado na Pr\u00f3-Reitoria de Gradua\u00e7\u00e3o e MARIA LUCIA MENON &#8211; 055158, lotada no Departamento de Assuntos Acad\u00eamicos, do m\u00f3dulo Sistema Acad\u00eamico &#8211; Gradua\u00e7\u00e3o para implanta\u00e7\u00e3o do Sistema de Informa\u00e7\u00e3o para o Ensino (SIE), na UFPR, institu\u00eddo pela Portaria n\u00ba 895, de 23 de outubro de 2003. 1. Designar, em substitui\u00e7\u00e3o, a partir da mesma data, os servidores MADLAINE CELIA DE LIMA &#8211; 090670, lotada na Coordenadoria Central dos Cursos de Gradua\u00e7\u00e3o e JANE DE CASSIA FURTADO &#8211; 093807, lotada no Departamento de<\/p>\n","protected":false},"author":41,"featured_media":0,"comment_status":"closed","ping_status":"closed","sticky":false,"template":"wp-custom-template-emissao-entre-01-05-2004-ate-30-06-2017","format":"standard","meta":{"_acf_changed":false,"iawp_total_views":2,"footnotes":""},"categories":[117],"tags":[],"class_list":["post-229254","post","type-post","status-publish","format-standard","hentry","category-rt"],"acf":[],"_links":{"self":[{"href":"https:\/\/progepe.ufpr.br\/portarias\/wp-json\/wp\/v2\/posts\/229254","targetHints":{"allow":["GET"]}}],"collection":[{"href":"https:\/\/progepe.ufpr.br\/portarias\/wp-json\/wp\/v2\/posts"}],"about":[{"href":"https:\/\/progepe.ufpr.br\/portarias\/wp-json\/wp\/v2\/types\/post"}],"author":[{"embeddable":true,"href":"https:\/\/progepe.ufpr.br\/portarias\/wp-json\/wp\/v2\/users\/41"}],"replies":[{"embeddable":true,"href":"https:\/\/progepe.ufpr.br\/portarias\/wp-json\/wp\/v2\/comments?post=229254"}],"version-history":[{"count":1,"href":"https:\/\/progepe.ufpr.br\/portarias\/wp-json\/wp\/v2\/posts\/229254\/revisions"}],"predecessor-version":[{"id":229751,"href":"https:\/\/progepe.ufpr.br\/portarias\/wp-json\/wp\/v2\/posts\/229254\/revisions\/229751"}],"wp:attachment":[{"href":"https:\/\/progepe.ufpr.br\/portarias\/wp-json\/wp\/v2\/media?parent=229254"}],"wp:term":[{"taxonomy":"category","embeddable":true,"href":"https:\/\/progepe.ufpr.br\/portarias\/wp-json\/wp\/v2\/categories?post=229254"},{"taxonomy":"post_tag","embeddable":true,"href":"https:\/\/progepe.ufpr.br\/portarias\/wp-json\/wp\/v2\/tags?post=229254"}],"curies":[{"name":"wp","href":"https:\/\/api.w.org\/{rel}","templated":true}]}}