{"id":229280,"date":"2004-07-21T05:02:00","date_gmt":"2004-07-21T08:02:00","guid":{"rendered":"http:\/\/progepe.ufpr.br\/portarias\/rt-2004-01252\/"},"modified":"2023-08-07T16:01:11","modified_gmt":"2023-08-07T19:01:11","slug":"rt-2004-01252","status":"publish","type":"post","link":"https:\/\/progepe.ufpr.br\/portarias\/rt-2004-01252\/","title":{"rendered":"PORTARIA N\u00ba 01252\/REITORIA, DE 21 DE JULHO DE 2004"},"content":{"rendered":"\n<p>O Reitor da Universidade Federal do Paran\u00e1, no uso de suas atribui\u00e7\u00f5es e tendo em vista o que consta no processo n\u00ba 33425\/04-70,<\/p>\n\n\n<p><strong>RESOLVE:<\/strong><\/p>\n\n\n<p>Retif\u00edcar a Portaria n\u00ba 1012, de 09 de fevereiro de 2004, publicada no DOU de 16.02.2004, Se\u00e7\u00e3o II, p\u00e1g. 13, que nomeou a Professora LUCIANA PORTO DE SOUZA VANDENBERGHE &#8211; 168092, Coordenador do Curso de P\u00f3s-Gradua\u00e7\u00e3o em Processos Biotecnol\u00f3gicos, FG-01, do Setor de Tecnologia: Onde se l\u00ea: &#8230; at\u00e9 a nomea\u00e7\u00e3o dos novos eleitos.<\/p><p> Leia-se: &#8230; at\u00e9 25 de setembro de 2005, t\u00e9rmino do mandato.<\/p><p><\/p>\n\n\n<div style=\"height:15px\" aria-hidden=\"true\" class=\"wp-block-spacer\"><\/div>\n\n\n<div class=\"wp-block-buttons is-content-justification-right is-layout-flex wp-container-core-buttons-is-layout-1 wp-block-buttons-is-layout-flex\">\n<div class=\"wp-block-button has-custom-font-size is-style-outline has-small-font-size is-style-outline--1\"><a class=\"wp-block-button__link\" href=\"https:\/\/progepe.ufpr.br\/portarias\/wp-content\/uploads\/pcp\/RT\/2004\/1252R.pdf\" style=\"border-radius:0px\" target=\"_blank\" rel=\"noreferrer noopener\">Acesse o arquivo da portaria<\/a><\/div><\/div>\n","protected":false},"excerpt":{"rendered":"<p>Retif\u00edcar a Portaria n\u00ba 1012, de 09 de fevereiro de 2004, publicada no DOU de 16.02.2004, Se\u00e7\u00e3o II, p\u00e1g. 13, que nomeou a Professora LUCIANA PORTO DE SOUZA VANDENBERGHE &#8211; 168092, Coordenador do Curso de P\u00f3s-Gradua\u00e7\u00e3o em Processos Biotecnol\u00f3gicos, FG-01, do Setor de Tecnologia: Onde se l\u00ea: &#8230; at\u00e9 a nomea\u00e7\u00e3o dos novos eleitos. Leia-se: &#8230; at\u00e9 25 de setembro de 2005, t\u00e9rmino do mandato.  {&#8220;height&#8221;:&#8221;15px&#8221;} <\/p>\n<div style=\"height:15px\" aria-hidden=\"true\" class=\"wp-block-spacer\"> <!-- \/wp:spacer  {\"layout\":{\"type\":\"flex\",\"justifyContent\":\"right\"}} \n\n<div class=\"wp-block-buttons\"><!-- wp:button {\"style\":{\"border\":{\"radius\":\"0px\"}},\"className\":\"is-style-outline\",\"fontSize\":\"small\"} \n\n<div class=\"wp-block-button has-custom-font-size is-style-outline has-small-font-size\"><a class=\"wp-block-button__link\" href=\"https:\/\/progepe.ufpr.br\/portarias\/wp-content\/uploads\/pcp\/RT\/2004\/1252R.pdf\" style=\"border-radius:0px\" target=\"_blank\" rel=\"noreferrer noopener\">Acesse o arquivo da portaria<\/a><!-- \/wp:button <\n<\/p>\n","protected":false},"author":41,"featured_media":0,"comment_status":"closed","ping_status":"closed","sticky":false,"template":"wp-custom-template-emissao-entre-01-05-2004-ate-30-06-2017","format":"standard","meta":{"_acf_changed":false,"iawp_total_views":0,"footnotes":""},"categories":[117],"tags":[],"class_list":["post-229280","post","type-post","status-publish","format-standard","hentry","category-rt"],"acf":[],"_links":{"self":[{"href":"https:\/\/progepe.ufpr.br\/portarias\/wp-json\/wp\/v2\/posts\/229280","targetHints":{"allow":["GET"]}}],"collection":[{"href":"https:\/\/progepe.ufpr.br\/portarias\/wp-json\/wp\/v2\/posts"}],"about":[{"href":"https:\/\/progepe.ufpr.br\/portarias\/wp-json\/wp\/v2\/types\/post"}],"author":[{"embeddable":true,"href":"https:\/\/progepe.ufpr.br\/portarias\/wp-json\/wp\/v2\/users\/41"}],"replies":[{"embeddable":true,"href":"https:\/\/progepe.ufpr.br\/portarias\/wp-json\/wp\/v2\/comments?post=229280"}],"version-history":[{"count":1,"href":"https:\/\/progepe.ufpr.br\/portarias\/wp-json\/wp\/v2\/posts\/229280\/revisions"}],"predecessor-version":[{"id":229772,"href":"https:\/\/progepe.ufpr.br\/portarias\/wp-json\/wp\/v2\/posts\/229280\/revisions\/229772"}],"wp:attachment":[{"href":"https:\/\/progepe.ufpr.br\/portarias\/wp-json\/wp\/v2\/media?parent=229280"}],"wp:term":[{"taxonomy":"category","embeddable":true,"href":"https:\/\/progepe.ufpr.br\/portarias\/wp-json\/wp\/v2\/categories?post=229280"},{"taxonomy":"post_tag","embeddable":true,"href":"https:\/\/progepe.ufpr.br\/portarias\/wp-json\/wp\/v2\/tags?post=229280"}],"curies":[{"name":"wp","href":"https:\/\/api.w.org\/{rel}","templated":true}]}}